{"id":131179,"date":"2025-10-29T13:28:15","date_gmt":"2025-10-29T13:28:15","guid":{"rendered":"https:\/\/www.europesays.com\/pt\/131179\/"},"modified":"2025-10-29T13:28:15","modified_gmt":"2025-10-29T13:28:15","slug":"dois-feridos-em-acidente-aparatoso-no-porto-um-carro-ficou-por-cima-do-outro","status":"publish","type":"post","link":"https:\/\/www.europesays.com\/pt\/131179\/","title":{"rendered":"Dois feridos em acidente aparatoso no Porto: um carro ficou por cima do outro"},"content":{"rendered":"<p data-remotead-prev-elm=\"true\" data-remotead-elm-id=\"inread\">Segundo o Comando Sub-regional de Emerg\u00eancia e Prote\u00e7\u00e3o Civil da \u00c1rea Metropolitana do Porto, o acidente deu-se pelas 9 horas, na Rua de Jo\u00e3o de Barros, na Uni\u00e3o de freguesias Lordelo do Ouro e Massarelos, no Porto.<\/p>\n<p><img decoding=\"async\" class=\"ngx-body\" guid=\"a3d7383f-6202-472e-8577-242a7f613c35\" src=\"https:\/\/www.europesays.com\/pt\/wp-content\/uploads\/2025\/10\/1761744495_855_image.jpg\" width=\"100%\"\/><br \/>Foto: Rui Tukayana<\/p>\n<p>Tratou-se de uma colis\u00e3o frontal entre dois autom\u00f3veis, tendo um deles ficado em cima do outro. O aparatoso acidente provocou ferimentos nos dois condutores, que tiveram de ser assistidos no local pelos Bombeiros Volunt\u00e1rios Portuenses.<\/p>\n<p>Para a ocorr\u00eancia, foram enviados cinco operacionais, auxiliados por tr\u00eas ve\u00edculos. A Divis\u00e3o de Tr\u00e2nsito da PSP tamb\u00e9m foi acionada.<\/p>\n","protected":false},"excerpt":{"rendered":"Segundo o Comando Sub-regional de Emerg\u00eancia e Prote\u00e7\u00e3o Civil da \u00c1rea Metropolitana do Porto, o acidente deu-se pelas&hellip;\n","protected":false},"author":2,"featured_media":131180,"comment_status":"","ping_status":"","sticky":false,"template":"","format":"standard","meta":{"footnotes":""},"categories":[8],"tags":[59,27,28,20018,15,16,14,25,26,21,22,12,13,19,20,32,23,24,33,17,18,29,30,31],"class_list":{"0":"post-131179","1":"post","2":"type-post","3":"status-publish","4":"format-standard","5":"has-post-thumbnail","7":"category-principais-noticias","8":"tag-acidente","9":"tag-breaking-news","10":"tag-breakingnews","11":"tag-concelho-porto","12":"tag-featured-news","13":"tag-featurednews","14":"tag-headlines","15":"tag-latest-news","16":"tag-latestnews","17":"tag-main-news","18":"tag-mainnews","19":"tag-news","20":"tag-noticias","21":"tag-noticias-principais","22":"tag-noticiasprincipais","23":"tag-portugal","24":"tag-principais-noticias","25":"tag-principaisnoticias","26":"tag-pt","27":"tag-top-stories","28":"tag-topstories","29":"tag-ultimas","30":"tag-ultimas-noticias","31":"tag-ultimasnoticias"},"share_on_mastodon":{"url":"https:\/\/pubeurope.com\/@pt\/115457694811652569","error":""},"_links":{"self":[{"href":"https:\/\/www.europesays.com\/pt\/wp-json\/wp\/v2\/posts\/131179","targetHints":{"allow":["GET"]}}],"collection":[{"href":"https:\/\/www.europesays.com\/pt\/wp-json\/wp\/v2\/posts"}],"about":[{"href":"https:\/\/www.europesays.com\/pt\/wp-json\/wp\/v2\/types\/post"}],"author":[{"embeddable":true,"href":"https:\/\/www.europesays.com\/pt\/wp-json\/wp\/v2\/users\/2"}],"replies":[{"embeddable":true,"href":"https:\/\/www.europesays.com\/pt\/wp-json\/wp\/v2\/comments?post=131179"}],"version-history":[{"count":0,"href":"https:\/\/www.europesays.com\/pt\/wp-json\/wp\/v2\/posts\/131179\/revisions"}],"wp:featuredmedia":[{"embeddable":true,"href":"https:\/\/www.europesays.com\/pt\/wp-json\/wp\/v2\/media\/131180"}],"wp:attachment":[{"href":"https:\/\/www.europesays.com\/pt\/wp-json\/wp\/v2\/media?parent=131179"}],"wp:term":[{"taxonomy":"category","embeddable":true,"href":"https:\/\/www.europesays.com\/pt\/wp-json\/wp\/v2\/categories?post=131179"},{"taxonomy":"post_tag","embeddable":true,"href":"https:\/\/www.europesays.com\/pt\/wp-json\/wp\/v2\/tags?post=131179"}],"curies":[{"name":"wp","href":"https:\/\/api.w.org\/{rel}","templated":true}]}}