{"id":131189,"date":"2025-10-29T13:34:17","date_gmt":"2025-10-29T13:34:17","guid":{"rendered":"https:\/\/www.europesays.com\/pt\/131189\/"},"modified":"2025-10-29T13:34:17","modified_gmt":"2025-10-29T13:34:17","slug":"diretor-de-halloween-comandara-suspense-sobre-assassinato-na-prisao-mais-segura-do-mundo","status":"publish","type":"post","link":"https:\/\/www.europesays.com\/pt\/131189\/","title":{"rendered":"Diretor de &#8216;Halloween&#8217; comandar\u00e1 SUSPENSE sobre assassinato na pris\u00e3o mais segura do mundo"},"content":{"rendered":"<p>De acordo com o <a href=\"https:\/\/deadline.com\/2025\/10\/david-gordon-green-directing-miramax-thriller-supermax-1236598572\/\" rel=\"nofollow noopener\" target=\"_blank\">Deadline<\/a>, <strong><a href=\"https:\/\/cinepop.com.br\/tag\/david-gordon-green\/\" title=\"David Gordon Green\" rel=\"nofollow noopener\" target=\"_blank\">David Gordon Green<\/a><\/strong> (\u2018Halloween\u2019) foi contratado para dirigir o suspense \u2018<strong><a href=\"https:\/\/cinepop.com.br\/tag\/supermax\/\" title=\"Supermax\" rel=\"nofollow noopener\" target=\"_blank\">Supermax<\/a><\/strong>\u2018, que teve seus direitos adquiridos pela produtora <strong>Miramax<\/strong> ap\u00f3s uma intensa disputa de lances.<\/p>\n<p>Na trama\u2026<\/p>\n<p>\u201cDois agentes do FBI investigam um assassinato cometido na pris\u00e3o mais segura do mundo.\u201d<\/p>\n<p><strong><a href=\"https:\/\/cinepop.com.br\/tag\/david-weil\/\" title=\"David Weil\" rel=\"nofollow noopener\" target=\"_blank\">David Weil<\/a>\u00a0<\/strong>&amp;<strong>\u00a0<a href=\"https:\/\/cinepop.com.br\/tag\/david-j-rosen\/\" title=\"David J. Rosen\" rel=\"nofollow noopener\" target=\"_blank\">David J. Rosen<\/a><\/strong>\u00a0(\u2018Invas\u00e3o\u2019) assinam o roteiro.<\/p>\n<p><strong>O site afirma que o projeto \u00e9 prioridade para o est\u00fadio<\/strong>. A expectativa \u00e9 que as filmagens comecem no primeiro semestre de 2026, com o processo de sele\u00e7\u00e3o de elenco sendo iniciado muito em breve.<\/p>\n<p><strong>Alex Heineman<\/strong> &amp; <strong>Andrew Rona<\/strong> (\u2018Um Completo Desconhecido\u2019) servir\u00e3o como produtores atrav\u00e9s da <strong>The Picture Company<\/strong>.<\/p>\n<p>Vale lembrar que <strong>Gordon Green<\/strong> dirigiu todos os filmes da mais recente trilogia da franquia \u2018<strong>Halloween<\/strong>\u2018, al\u00e9m de ter comandado o criticado reboot \u2018<strong>O Exorcista: O Devoto<\/strong>\u2018.<\/p>\n<p>Novas informa\u00e7\u00f5es devem ser divulgadas em breve.<\/p>\n","protected":false},"excerpt":{"rendered":"De acordo com o Deadline, David Gordon Green (\u2018Halloween\u2019) foi contratado para dirigir o suspense \u2018Supermax\u2018, que teve&hellip;\n","protected":false},"author":2,"featured_media":131190,"comment_status":"","ping_status":"","sticky":false,"template":"","format":"standard","meta":{"footnotes":""},"categories":[140],"tags":[29811,29812,29813,114,115,147,148,146,32,33,29814],"class_list":{"0":"post-131189","1":"post","2":"type-post","3":"status-publish","4":"format-standard","5":"has-post-thumbnail","7":"category-filmes","8":"tag-david-gordon-green","9":"tag-david-j-rosen","10":"tag-david-weil","11":"tag-entertainment","12":"tag-entretenimento","13":"tag-film","14":"tag-filmes","15":"tag-movies","16":"tag-portugal","17":"tag-pt","18":"tag-supermax"},"share_on_mastodon":{"url":"https:\/\/pubeurope.com\/@pt\/115457717949911504","error":""},"_links":{"self":[{"href":"https:\/\/www.europesays.com\/pt\/wp-json\/wp\/v2\/posts\/131189","targetHints":{"allow":["GET"]}}],"collection":[{"href":"https:\/\/www.europesays.com\/pt\/wp-json\/wp\/v2\/posts"}],"about":[{"href":"https:\/\/www.europesays.com\/pt\/wp-json\/wp\/v2\/types\/post"}],"author":[{"embeddable":true,"href":"https:\/\/www.europesays.com\/pt\/wp-json\/wp\/v2\/users\/2"}],"replies":[{"embeddable":true,"href":"https:\/\/www.europesays.com\/pt\/wp-json\/wp\/v2\/comments?post=131189"}],"version-history":[{"count":0,"href":"https:\/\/www.europesays.com\/pt\/wp-json\/wp\/v2\/posts\/131189\/revisions"}],"wp:featuredmedia":[{"embeddable":true,"href":"https:\/\/www.europesays.com\/pt\/wp-json\/wp\/v2\/media\/131190"}],"wp:attachment":[{"href":"https:\/\/www.europesays.com\/pt\/wp-json\/wp\/v2\/media?parent=131189"}],"wp:term":[{"taxonomy":"category","embeddable":true,"href":"https:\/\/www.europesays.com\/pt\/wp-json\/wp\/v2\/categories?post=131189"},{"taxonomy":"post_tag","embeddable":true,"href":"https:\/\/www.europesays.com\/pt\/wp-json\/wp\/v2\/tags?post=131189"}],"curies":[{"name":"wp","href":"https:\/\/api.w.org\/{rel}","templated":true}]}}