{"id":131191,"date":"2025-10-29T13:36:19","date_gmt":"2025-10-29T13:36:19","guid":{"rendered":"https:\/\/www.europesays.com\/pt\/131191\/"},"modified":"2025-10-29T13:36:19","modified_gmt":"2025-10-29T13:36:19","slug":"cuidados-com-saude-mental-e-alimentacao-sao-fundamentais-no-tratamento-do-cancer-de-mama","status":"publish","type":"post","link":"https:\/\/www.europesays.com\/pt\/131191\/","title":{"rendered":"Cuidados com sa\u00fade mental e alimenta\u00e7\u00e3o s\u00e3o fundamentais no tratamento do c\u00e2ncer de mama"},"content":{"rendered":"<p>&#13;<br \/>\n        &#13;<br \/>\n            &#13;<br \/>\n&#13;<br \/>\n            &#13;<br \/>\n&#13;<br \/>\n            &#13;<br \/>\n                <a href=\"\">29 de outubro de 2025 &#8211; 10:03<\/a>&#13;<br \/>\n                                      #<a href=\"https:\/\/www.saude.ce.gov.br\/tag\/cancer-de-mama\/\" rel=\"tag nofollow noopener\" target=\"_blank\">C\u00e2ncer de mama<\/a> #<a href=\"https:\/\/www.saude.ce.gov.br\/tag\/de-outubro-a-outubro-rosa\/\" rel=\"tag nofollow noopener\" target=\"_blank\">De outubro a outubro rosa<\/a> &#13;<br \/>\n                            &#13;<br \/>\n&#13;<\/p>\n<p>Assessoria de Comunica\u00e7\u00e3o do HRVJ<br \/>&#13;<br \/>\nTexto e fotos: Joelton Barboza <\/p>\n<p>                &#13;<br \/>\n            &#13;<\/p>\n<p style=\"text-align: center\"><img fetchpriority=\"high\" decoding=\"async\" class=\"alignnone wp-image-147255 size-full\" src=\"https:\/\/www.europesays.com\/pt\/wp-content\/uploads\/2025\/10\/1761705415_159_arencTopo-de-materia.png\" alt=\"\" width=\"775\" height=\"115\"  \/><img loading=\"lazy\" decoding=\"async\" class=\"aligncenter wp-image-148253 size-full\" src=\"https:\/\/www.europesays.com\/pt\/wp-content\/uploads\/2025\/10\/outubro-rosa-HRVJ.png\" alt=\"\" width=\"775\" height=\"485\"  \/>Maria Rosemary faz tratamento contra c\u00e2ncer de mama na rede p\u00fablica de sa\u00fade\u00a0<\/p>\n<p>A auxiliar de servi\u00e7os gerais, Maria Rosemary, ao descobrir que estava com um <strong>n\u00f3dulo na mama<\/strong>, diz que ficou emocionalmente abalada com o diagn\u00f3stico. Moradora da cidade de Russas, ela realizou <strong>mastectomia total<\/strong> no in\u00edcio deste ano, no<strong> Hospital Regional Vale do Jaguaribe (HRVJ)<\/strong>, unidade da <strong>Secretaria da Sa\u00fade do Cear\u00e1 (Sesa)<\/strong>, em <strong>Limoeiro do Norte<\/strong>.<\/p>\n<p>Al\u00e9m disso, precisou passar por 15 sess\u00f5es de quimioterapia at\u00e9 agora. Confiante, Rosemary se encaminha para a \u00faltima sess\u00e3o, momento em que tocar\u00e1 o<strong> sino da esperan\u00e7a<\/strong>. M\u00e3e de tr\u00eas filhos e av\u00f3 de tr\u00eas netos, nem sempre a confian\u00e7a foi a sua base.<\/p>\n<p>\u201cNo per\u00edodo que eu descobri que estava com CA de mama eu me abalei muito, foi ent\u00e3o que elas [psic\u00f3logas] me ajudaram. Disseram que a fam\u00edlia \u00e9 \u00f3tima para quem est\u00e1 passando por problemas. Conversar ajuda bastante. Eu recomendo que as pessoas [que est\u00e3o passando pelo mesmo problema] procurem e passem pela psic\u00f3loga. Conversem e desabafem com a fam\u00edlia, pois ajuda bastante\u201d, destaca.<\/p>\n<p>A psic\u00f3loga do HRVJ, Aline Franco, pondera que o setor atua junto ao paciente com c\u00e2ncer de mama oferecendo apoio emocional diante do impacto do diagn\u00f3stico e do tratamento. O profissional ajuda a paciente a elaborar medos, ansiedades e sentimentos de perda, favorecendo o enfrentamento de doen\u00e7as e a ades\u00e3o ao tratamento.<\/p>\n<p><strong>Assista o depoimento de Maria Rosemary:<\/strong><\/p>\n<p>\u201cA atua\u00e7\u00e3o do psic\u00f3logo \u00e9 fundamental nesse momento porque o diagn\u00f3stico do c\u00e2ncer representa, muitas vezes, uma <strong>grande ruptura na vida do paciente<\/strong>, despertando medo, incertezas e ang\u00fastias em rela\u00e7\u00e3o \u00e0 pr\u00f3pria sobreviv\u00eancia, feminilidade e \u00e0 imagem corporal\u201d, ressalta Aline.<\/p>\n<p>A profissional ainda explica que as queixas mais recorrentes s\u00e3o relacionadas \u00e0 ansiedade, medo da morte, preocupa\u00e7\u00e3o com o futuro e com a fam\u00edlia, al\u00e9m de tristeza e sentimentos de impot\u00eancia diante do diagn\u00f3stico e tratamento. Tamb\u00e9m s\u00e3o frequentes queixas sobre altera\u00e7\u00f5es na autoimagem, especialmente em decorr\u00eancia da mastectomia, queda de cabelo e mudan\u00e7as no corpo. Muitos pacientes relatam ainda dificuldades de relacionamento conjugal, isolamento social, ins\u00f4nia, fadiga e inseguran\u00e7a em rela\u00e7\u00e3o \u00e0 sexualidade e feminilidade.<\/p>\n<p>Alimenta\u00e7\u00e3o saud\u00e1vel \u00e9 importante na reabilita\u00e7\u00e3o<\/p>\n<p style=\"text-align: center\"><img loading=\"lazy\" decoding=\"async\" class=\"aligncenter wp-image-148256 size-full\" src=\"https:\/\/www.europesays.com\/pt\/wp-content\/uploads\/2025\/10\/outubro-rosa-HRVJ-1.png\" alt=\"\" width=\"775\" height=\"485\"  \/>Alimentos in natura s\u00e3o prefer\u00edveis durante tratamento<\/p>\n<p>A nutri\u00e7\u00e3o tamb\u00e9m tem papel fundamental na <strong>preven\u00e7\u00e3o, tratamento e reabilita\u00e7\u00e3o do c\u00e2ncer de mama<\/strong>. A nutricionista do HRVJ, Jamille Lima, explica que alimenta\u00e7\u00e3o saud\u00e1vel \u00e9 a que cont\u00e9m todos os nutrientes essenciais para o adequado funcionamento do organismo. Nesse contexto, destacam-se os alimentos in natura e minimamente processados, ou seja, aqueles que s\u00e3o adquiridos na natureza e v\u00e3o passar por processos m\u00ednimos de manipula\u00e7\u00e3o, como cozimento, para que fiquem aptos ao consumo humano.<img loading=\"lazy\" decoding=\"async\" class=\" wp-image-148257 alignleft\" src=\"https:\/\/www.europesays.com\/pt\/wp-content\/uploads\/2025\/10\/Alimentacao-hospital-HRVJ-600x800.jpg\" alt=\"\" width=\"274\" height=\"366\"  \/><\/p>\n<p>A nutricionista do HRVJ, Jamille Lima, explica que \u00e9 recomendado evitar frituras, temperos prontos, condimentos, bebidas alco\u00f3licas, refei\u00e7\u00f5es industrializadas, al\u00e9m de alimentos submetidos a frituras excessivas. A boa alimenta\u00e7\u00e3o tamb\u00e9m ajuda a manter o peso saud\u00e1vel.<\/p>\n<p>\u201cA gente sabe que o sobrepeso e a obesidade tamb\u00e9m contribuem para o desenvolvimento de doen\u00e7as, e com rela\u00e7\u00e3o ao c\u00e2ncer, isso n\u00e3o \u00e9 diferente, principalmente com rela\u00e7\u00e3o ao c\u00e2ncer de mama e alguns do trato digestivo tamb\u00e9m. \u00c9 importante tamb\u00e9m beber muita \u00e1gua. N\u00e3o basta tomar sucos e preparos l\u00edquidos ao longo do dia, \u00e9 necess\u00e1rio beber \u00e1gua pot\u00e1vel e pura entre as refei\u00e7\u00f5es, para manter-se hidratado. A \u00e1gua \u00e9 fundamental para o funcionamento do organismo, controle da press\u00e3o, al\u00e9m de auxiliar no funcionamento intestinal e na fun\u00e7\u00e3o renal\u201d, lembra.<\/p>\n<p>Para aqueles pacientes que est\u00e3o em tratamento oncol\u00f3gico do c\u00e2ncer de mama, durante a quimioterapia e a radioterapia, muitas altera\u00e7\u00f5es podem acontecer com o indiv\u00edduo. Alguns t\u00eam sintomas, como v\u00f4mitos, n\u00e1useas, diarreias ou constipa\u00e7\u00e3o e perda de peso. \u201cNesses casos, \u00e9 importante o acompanhamento com o nutricionista, uma vez que existem alimentos que s\u00e3o mais recomendados, a depender do sintoma que o paciente apresenta, e outros que devem ser evitados\u201d, conclui a profissional do HRVJ.<\/p>\n<p>De outubro a outubro rosa<\/p>\n<p>Desde 2024, a Sesa promove a campanha \u201cDe outubro a outubro rosa\u201d, com o objetivo de falar sobre autocuidado o ano inteiro e estimular a realiza\u00e7\u00e3o dos exames necess\u00e1rios, al\u00e9m de desmistificar as quest\u00f5es com rela\u00e7\u00e3o \u00e0 mamografia. Durante o m\u00eas, reportagens especiais semanais ir\u00e3o abordar o tema.<\/p>\n<p>\u00a0<\/p>\n<p>&#13;<br \/>\n            &#13;<br \/>\n&#13;<br \/>\n&#13;<\/p>\n","protected":false},"excerpt":{"rendered":"&#13; &#13; &#13; &#13; &#13; &#13; &#13; 29 de outubro de 2025 &#8211; 10:03&#13; #C\u00e2ncer de mama #De&hellip;\n","protected":false},"author":2,"featured_media":131192,"comment_status":"","ping_status":"","sticky":false,"template":"","format":"standard","meta":{"footnotes":""},"categories":[86],"tags":[5960,24866,116,32,33,117],"class_list":{"0":"post-131191","1":"post","2":"type-post","3":"status-publish","4":"format-standard","5":"has-post-thumbnail","7":"category-saude","8":"tag-cancer-de-mama","9":"tag-de-outubro-a-outubro-rosa","10":"tag-health","11":"tag-portugal","12":"tag-pt","13":"tag-saude"},"share_on_mastodon":{"url":"https:\/\/pubeurope.com\/@pt\/115457726769980523","error":""},"_links":{"self":[{"href":"https:\/\/www.europesays.com\/pt\/wp-json\/wp\/v2\/posts\/131191","targetHints":{"allow":["GET"]}}],"collection":[{"href":"https:\/\/www.europesays.com\/pt\/wp-json\/wp\/v2\/posts"}],"about":[{"href":"https:\/\/www.europesays.com\/pt\/wp-json\/wp\/v2\/types\/post"}],"author":[{"embeddable":true,"href":"https:\/\/www.europesays.com\/pt\/wp-json\/wp\/v2\/users\/2"}],"replies":[{"embeddable":true,"href":"https:\/\/www.europesays.com\/pt\/wp-json\/wp\/v2\/comments?post=131191"}],"version-history":[{"count":0,"href":"https:\/\/www.europesays.com\/pt\/wp-json\/wp\/v2\/posts\/131191\/revisions"}],"wp:featuredmedia":[{"embeddable":true,"href":"https:\/\/www.europesays.com\/pt\/wp-json\/wp\/v2\/media\/131192"}],"wp:attachment":[{"href":"https:\/\/www.europesays.com\/pt\/wp-json\/wp\/v2\/media?parent=131191"}],"wp:term":[{"taxonomy":"category","embeddable":true,"href":"https:\/\/www.europesays.com\/pt\/wp-json\/wp\/v2\/categories?post=131191"},{"taxonomy":"post_tag","embeddable":true,"href":"https:\/\/www.europesays.com\/pt\/wp-json\/wp\/v2\/tags?post=131191"}],"curies":[{"name":"wp","href":"https:\/\/api.w.org\/{rel}","templated":true}]}}