{"id":131199,"date":"2025-10-29T13:42:11","date_gmt":"2025-10-29T13:42:11","guid":{"rendered":"https:\/\/www.europesays.com\/pt\/131199\/"},"modified":"2025-10-29T13:42:11","modified_gmt":"2025-10-29T13:42:11","slug":"idosa-encontrada-morta-depois-de-ser-deixada-para-tras-por-cruzeiro","status":"publish","type":"post","link":"https:\/\/www.europesays.com\/pt\/131199\/","title":{"rendered":"Idosa encontrada morta depois de ser deixada para tr\u00e1s por cruzeiro"},"content":{"rendered":"<p data-remotead-prev-elm=\"true\" data-remotead-elm-id=\"inread\">Durante a viagem, o navio de cruzeiro Coral Adventure parou na Ilha Lizard, na costa da Austr\u00e1lia, onde a mulher, acompanhada de outros passageiros, participou numa caminhada at\u00e9 ao pico Cook&#8217;s Look, antes de se separar do grupo para descansar.<\/p>\n<p>O navio partiu da ilha ao p\u00f4r do sol, acabando por voltar ao local horas depois, depois de a tripula\u00e7\u00e3o se ter apercebido do desaparecimento da passageira de 80 anos.<\/p>\n<p>Segundo a Autoridade de Seguran\u00e7a Mar\u00edtima da Austr\u00e1lia (AMSA), o alerta do desaparecimento foi dado por volta das 21 horas, no s\u00e1bado, pelo capit\u00e3o do navio, mas os meios envolvidos nas opera\u00e7\u00f5es de resgate s\u00f3 encontraram o corpo na manh\u00e3 de domingo.<\/p>\n<p data-remotead-prev-elm=\"true\" data-remotead-elm-id=\"centro1\">A AMSA disse que est\u00e1 a investigar a ocorr\u00eancia e ir\u00e1 reunir com a tripula\u00e7\u00e3o do navio quando este atracar em Darwin, no final desta semana.<\/p>\n<p>Na sequ\u00eancia do caso, o diretor-executivo da empresa que organiza o cruzeiro (Coral Expeditions), Mark Fifield, garantiu que a equipa entrou em contacto com a fam\u00edlia da passageira, que est\u00e1 a receber apoio pela &#8220;morte tr\u00e1gica&#8221;. &#8220;Lamentamos profundamente o acontecimento e estamos a oferecer todo o nosso apoio \u00e0 fam\u00edlia da mulher&#8221;, explicou Fifield, citado pela BBC.<\/p>\n<p>At\u00e9 agora, sabe-se que a idosa estava na primeira paragem de um cruzeiro de 60 dias pela Austr\u00e1lia. A Pol\u00edcia de Queensland assegurou que ser\u00e1 preparado um relat\u00f3rio por um m\u00e9dico legista sobre a &#8220;morte s\u00fabita e n\u00e3o suspeita&#8221; da v\u00edtima.<\/p>\n<p>O Coral Adventurer acomoda at\u00e9 120 passageiros e 46 tripulantes, e foi constru\u00eddo para aceder a \u00e1reas remotas da costa australiana, estando equipado com botes usados para levar os passageiros em excurs\u00f5es di\u00e1rias.<\/p>\n","protected":false},"excerpt":{"rendered":"Durante a viagem, o navio de cruzeiro Coral Adventure parou na Ilha Lizard, na costa da Austr\u00e1lia, onde&hellip;\n","protected":false},"author":2,"featured_media":131200,"comment_status":"","ping_status":"","sticky":false,"template":"","format":"standard","meta":{"footnotes":""},"categories":[50],"tags":[59,2337,27,28,29818,15,16,14,25,26,21,22,62,12,13,19,20,23,24,17,18,29,30,31,63,64,65],"class_list":{"0":"post-131199","1":"post","2":"type-post","3":"status-publish","4":"format-standard","5":"has-post-thumbnail","7":"category-mundo","8":"tag-acidente","9":"tag-australia","10":"tag-breaking-news","11":"tag-breakingnews","12":"tag-cruzeiros","13":"tag-featured-news","14":"tag-featurednews","15":"tag-headlines","16":"tag-latest-news","17":"tag-latestnews","18":"tag-main-news","19":"tag-mainnews","20":"tag-mundo","21":"tag-news","22":"tag-noticias","23":"tag-noticias-principais","24":"tag-noticiasprincipais","25":"tag-principais-noticias","26":"tag-principaisnoticias","27":"tag-top-stories","28":"tag-topstories","29":"tag-ultimas","30":"tag-ultimas-noticias","31":"tag-ultimasnoticias","32":"tag-world","33":"tag-world-news","34":"tag-worldnews"},"share_on_mastodon":{"url":"https:\/\/pubeurope.com\/@pt\/115457749428754263","error":""},"_links":{"self":[{"href":"https:\/\/www.europesays.com\/pt\/wp-json\/wp\/v2\/posts\/131199","targetHints":{"allow":["GET"]}}],"collection":[{"href":"https:\/\/www.europesays.com\/pt\/wp-json\/wp\/v2\/posts"}],"about":[{"href":"https:\/\/www.europesays.com\/pt\/wp-json\/wp\/v2\/types\/post"}],"author":[{"embeddable":true,"href":"https:\/\/www.europesays.com\/pt\/wp-json\/wp\/v2\/users\/2"}],"replies":[{"embeddable":true,"href":"https:\/\/www.europesays.com\/pt\/wp-json\/wp\/v2\/comments?post=131199"}],"version-history":[{"count":0,"href":"https:\/\/www.europesays.com\/pt\/wp-json\/wp\/v2\/posts\/131199\/revisions"}],"wp:featuredmedia":[{"embeddable":true,"href":"https:\/\/www.europesays.com\/pt\/wp-json\/wp\/v2\/media\/131200"}],"wp:attachment":[{"href":"https:\/\/www.europesays.com\/pt\/wp-json\/wp\/v2\/media?parent=131199"}],"wp:term":[{"taxonomy":"category","embeddable":true,"href":"https:\/\/www.europesays.com\/pt\/wp-json\/wp\/v2\/categories?post=131199"},{"taxonomy":"post_tag","embeddable":true,"href":"https:\/\/www.europesays.com\/pt\/wp-json\/wp\/v2\/tags?post=131199"}],"curies":[{"name":"wp","href":"https:\/\/api.w.org\/{rel}","templated":true}]}}