{"id":131216,"date":"2025-10-29T13:53:33","date_gmt":"2025-10-29T13:53:33","guid":{"rendered":"https:\/\/www.europesays.com\/pt\/131216\/"},"modified":"2025-10-29T13:53:33","modified_gmt":"2025-10-29T13:53:33","slug":"lisboa-antecipa-se-e-comeca-a-acender-as-luzes-de-natal-no-campo-pequeno-nit","status":"publish","type":"post","link":"https:\/\/www.europesays.com\/pt\/131216\/","title":{"rendered":"Lisboa antecipa-se e come\u00e7a a acender as luzes de Natal no Campo Pequeno \u2014 NiT"},"content":{"rendered":"<p>Lisboa n\u00e3o perde tempo a entrar no esp\u00edrito natal\u00edcio. Outubro ainda nem chegou ao fim, mas j\u00e1 se come\u00e7a a sentir a antecipa\u00e7\u00e3o da \u00e9poca. A decora\u00e7\u00e3o, as luzes e as m\u00fasicas v\u00e3o chegar ao Sagres Campo Pequeno.<\/p>\n<p>Na pr\u00f3xima segunda-feira, 3 de novembro, pelas 18 horas, a ic\u00f3nica pra\u00e7a vai acender as luzes e dar in\u00edcio \u00e0 quadra na cidade. O tradicional mercado regressa tamb\u00e9m ao espa\u00e7o exterior do Sagres Campo Pequeno, com duas datas distintas: de 28 de novembro a 1 de dezembro e depois de 5 a 8 de dezembro. A ideia \u00e9 aproveitar os dois fins de semana e os feriados de 1 e 8 de dezembro, que este ano calham \u00e0 segunda-feira.<\/p>\n<p>A iniciativa apresenta-se como \u201co melhor mercado de Natal\u201d da capital e promete um mercado cheio de artesanato, arte, design, ilustra\u00e7\u00e3o, joalharia, decora\u00e7\u00e3o, brinquedos, livros, vinhos, moda, fotografia, plantas e produtos gourmet.<\/p>\n<p>Algumas das marcas j\u00e1 confirmadas para esta edi\u00e7\u00e3o s\u00e3o o Cacimba Gin, Nerd Craft, Quimera Creations Studio, Serafim Scented Candle, Rafaela Marques Jewellery, Atelier Ana Lacerda, Maria Costura, Lume, Inna Jewelry e Formas D\u2019Amor, entre outras.<\/p>\n<p>Leia o <a href=\"https:\/\/www.nit.pt\/fora-de-casa\/na-cidade\/mercado-de-natal-regressa-ao-campo-pequeno-ja-em-novembro\" target=\"_blank\" rel=\"noopener nofollow\">artigo<\/a> da NiT sobre o evento.<\/p>\n","protected":false},"excerpt":{"rendered":"Lisboa n\u00e3o perde tempo a entrar no esp\u00edrito natal\u00edcio. Outubro ainda nem chegou ao fim, mas j\u00e1 se&hellip;\n","protected":false},"author":2,"featured_media":131217,"comment_status":"","ping_status":"","sticky":false,"template":"","format":"standard","meta":{"footnotes":""},"categories":[85],"tags":[114,115,32,33],"class_list":{"0":"post-131216","1":"post","2":"type-post","3":"status-publish","4":"format-standard","5":"has-post-thumbnail","7":"category-entretenimento","8":"tag-entertainment","9":"tag-entretenimento","10":"tag-portugal","11":"tag-pt"},"share_on_mastodon":{"url":"https:\/\/pubeurope.com\/@pt\/115457792747106934","error":""},"_links":{"self":[{"href":"https:\/\/www.europesays.com\/pt\/wp-json\/wp\/v2\/posts\/131216","targetHints":{"allow":["GET"]}}],"collection":[{"href":"https:\/\/www.europesays.com\/pt\/wp-json\/wp\/v2\/posts"}],"about":[{"href":"https:\/\/www.europesays.com\/pt\/wp-json\/wp\/v2\/types\/post"}],"author":[{"embeddable":true,"href":"https:\/\/www.europesays.com\/pt\/wp-json\/wp\/v2\/users\/2"}],"replies":[{"embeddable":true,"href":"https:\/\/www.europesays.com\/pt\/wp-json\/wp\/v2\/comments?post=131216"}],"version-history":[{"count":0,"href":"https:\/\/www.europesays.com\/pt\/wp-json\/wp\/v2\/posts\/131216\/revisions"}],"wp:featuredmedia":[{"embeddable":true,"href":"https:\/\/www.europesays.com\/pt\/wp-json\/wp\/v2\/media\/131217"}],"wp:attachment":[{"href":"https:\/\/www.europesays.com\/pt\/wp-json\/wp\/v2\/media?parent=131216"}],"wp:term":[{"taxonomy":"category","embeddable":true,"href":"https:\/\/www.europesays.com\/pt\/wp-json\/wp\/v2\/categories?post=131216"},{"taxonomy":"post_tag","embeddable":true,"href":"https:\/\/www.europesays.com\/pt\/wp-json\/wp\/v2\/tags?post=131216"}],"curies":[{"name":"wp","href":"https:\/\/api.w.org\/{rel}","templated":true}]}}