{"id":13122,"date":"2025-08-02T16:19:18","date_gmt":"2025-08-02T16:19:18","guid":{"rendered":"https:\/\/www.europesays.com\/pt\/13122\/"},"modified":"2025-08-02T16:19:18","modified_gmt":"2025-08-02T16:19:18","slug":"sporting-define-alvo-para-atacar-caso-diomande-saia-neste-verao","status":"publish","type":"post","link":"https:\/\/www.europesays.com\/pt\/13122\/","title":{"rendered":"Sporting define alvo para atacar caso Diomande saia neste ver\u00e3o"},"content":{"rendered":"<p><strong>O Sporting est\u00e1 interessado em Koni De Winter. \u00c9 a principal alternativa dos le\u00f5es caso Ousmane Diomande saia neste mercado de ver\u00e3o.<\/strong><\/p>\n<p>Koni De Winter \u00e9 o principal alvo do Sporting para o eixo defensivo caso Ousmane Diomande acabe por sair neste mercado de ver\u00e3o, garante o jornal A Bola. A mesma fonte refere que o defesa-central est\u00e1 referenciado e \u00e9 um nome que agrada muito a dire\u00e7\u00e3o leonina.<\/p>\n<p>Neste momento, o Sporting n\u00e3o se aproximou ou tentou negociar Koni De Winter, defesa-central belga do Genoa. \u00c9 apenas uma op\u00e7\u00e3o em cima da mesa dos le\u00f5es caso percam mesmo Diomande nesta janela de transfer\u00eancias, pois o Sporting pretende ter um plano para se precaver. <\/p>\n<p>H\u00e1 v\u00e1rias outras equipas que mostraram interesse em Koni De Winter, tais como Inter Mil\u00e3o, N\u00e1poles, AS Roma, West Ham e Tottenham. Desta forma, o Sporting teria de fazer um investimento significativo para assegurar a contrata\u00e7\u00e3o do defesa belga. O jogador tamb\u00e9m j\u00e1 foi <a href=\"https:\/\/bolanarede.pt\/especial-bola-na-rede\/atualidade\/benfica-e-fc-porto-podem-vir-a-lutar-por-defesa-central-da-serie-a\/\" target=\"_blank\" rel=\"noreferrer noopener nofollow\">associado ao Benfica e ao FC Porto<\/a>.<\/p>\n<p><img fetchpriority=\"high\" decoding=\"async\" width=\"1024\" height=\"576\" src=\"data:image\/svg+xml,%3Csvg%20xmlns=\" http:=\"\" alt=\"Koni De Winter B\u00e9lgica\" class=\"wp-image-381157 ewww_webp_lazy_load\" data-lazy- data-lazy- data-lazy-src=\"https:\/\/www.europesays.com\/pt\/wp-content\/uploads\/2025\/08\/Koni-De-Winter-Belgica-1024x576.jpg\" data-lazy-src-webp=\"https:\/\/www.europesays.com\/pt\/wp-content\/uploads\/2025\/08\/Koni-De-Winter-Belgica-1024x576.jpg.webp\" data-lazy-srcset-webp=\"https:\/\/www.europesays.com\/pt\/wp-content\/uploads\/2025\/08\/Koni-De-Winter-Belgica-1024x576.jpg.webp 1024w, https:\/\/binny-bolanarede.b-cdn.net\/wp-content\/uploads\/2025\/03\/Koni-De-Winter-Belgica-300x169.jpg.webp 300w, https:\/\/binny-bolanarede.b-cdn.net\/wp-content\/uploads\/2025\/03\/Koni-De-Winter-Belgica-768x432.jpg.webp 768w, https:\/\/binny-bolanarede.b-cdn.net\/wp-content\/uploads\/2025\/03\/Koni-De-Winter-Belgica-150x84.jpg.webp 150w, https:\/\/binny-bolanarede.b-cdn.net\/wp-content\/uploads\/2025\/03\/Koni-De-Winter-Belgica-696x391.jpg.webp 696w, https:\/\/binny-bolanarede.b-cdn.net\/wp-content\/uploads\/2025\/03\/Koni-De-Winter-Belgica-1068x600.jpg.webp 1068w, https:\/\/binny-bolanarede.b-cdn.net\/wp-content\/uploads\/2025\/03\/Koni-De-Winter-Belgica.jpg.webp 1366w\"\/>Fonte: Federa\u00e7\u00e3o Belga de Futebol<\/p>\n","protected":false},"excerpt":{"rendered":"O Sporting est\u00e1 interessado em Koni De Winter. \u00c9 a principal alternativa dos le\u00f5es caso Ousmane Diomande saia&hellip;\n","protected":false},"author":2,"featured_media":13123,"comment_status":"","ping_status":"","sticky":false,"template":"","format":"standard","meta":{"footnotes":""},"categories":[8],"tags":[260,27,28,478,15,16,5415,14,5416,25,26,21,22,12,13,19,20,32,23,24,33,34,17,18,29,30,31],"class_list":{"0":"post-13122","1":"post","2":"type-post","3":"status-publish","4":"format-standard","5":"has-post-thumbnail","7":"category-principais-noticias","8":"tag-atualidade","9":"tag-breaking-news","10":"tag-breakingnews","11":"tag-destaques-bnr","12":"tag-featured-news","13":"tag-featurednews","14":"tag-genoa","15":"tag-headlines","16":"tag-koni-de-winter","17":"tag-latest-news","18":"tag-latestnews","19":"tag-main-news","20":"tag-mainnews","21":"tag-news","22":"tag-noticias","23":"tag-noticias-principais","24":"tag-noticiasprincipais","25":"tag-portugal","26":"tag-principais-noticias","27":"tag-principaisnoticias","28":"tag-pt","29":"tag-sporting","30":"tag-top-stories","31":"tag-topstories","32":"tag-ultimas","33":"tag-ultimas-noticias","34":"tag-ultimasnoticias"},"share_on_mastodon":{"url":"","error":""},"_links":{"self":[{"href":"https:\/\/www.europesays.com\/pt\/wp-json\/wp\/v2\/posts\/13122","targetHints":{"allow":["GET"]}}],"collection":[{"href":"https:\/\/www.europesays.com\/pt\/wp-json\/wp\/v2\/posts"}],"about":[{"href":"https:\/\/www.europesays.com\/pt\/wp-json\/wp\/v2\/types\/post"}],"author":[{"embeddable":true,"href":"https:\/\/www.europesays.com\/pt\/wp-json\/wp\/v2\/users\/2"}],"replies":[{"embeddable":true,"href":"https:\/\/www.europesays.com\/pt\/wp-json\/wp\/v2\/comments?post=13122"}],"version-history":[{"count":0,"href":"https:\/\/www.europesays.com\/pt\/wp-json\/wp\/v2\/posts\/13122\/revisions"}],"wp:featuredmedia":[{"embeddable":true,"href":"https:\/\/www.europesays.com\/pt\/wp-json\/wp\/v2\/media\/13123"}],"wp:attachment":[{"href":"https:\/\/www.europesays.com\/pt\/wp-json\/wp\/v2\/media?parent=13122"}],"wp:term":[{"taxonomy":"category","embeddable":true,"href":"https:\/\/www.europesays.com\/pt\/wp-json\/wp\/v2\/categories?post=13122"},{"taxonomy":"post_tag","embeddable":true,"href":"https:\/\/www.europesays.com\/pt\/wp-json\/wp\/v2\/tags?post=13122"}],"curies":[{"name":"wp","href":"https:\/\/api.w.org\/{rel}","templated":true}]}}