{"id":131220,"date":"2025-10-29T13:55:09","date_gmt":"2025-10-29T13:55:09","guid":{"rendered":"https:\/\/www.europesays.com\/pt\/131220\/"},"modified":"2025-10-29T13:55:09","modified_gmt":"2025-10-29T13:55:09","slug":"ministro-das-financas-diz-que-venda-ao-bpce-evita-concentracoes-excessivas","status":"publish","type":"post","link":"https:\/\/www.europesays.com\/pt\/131220\/","title":{"rendered":"Ministro das Finan\u00e7as diz que venda ao BPCE evita concentra\u00e7\u00f5es excessivas"},"content":{"rendered":"<p>&#13;<br \/>\n<b>&#8220;Esta opera\u00e7\u00e3o refor\u00e7a a diversifica\u00e7\u00e3o do sistema banc\u00e1rio nacional, evitando concentra\u00e7\u00f5es excessivas e assegurando o equil\u00edbrio e a competitividade do mercado financeiro portugu\u00eas&#8221;<\/b>, disse Joaquim Miranda Sarmento, na cerim\u00f3nia de assinatura dos acordos de ades\u00e3o do Estado Portugu\u00eas e do Fundo de Resolu\u00e7\u00e3o ao contrato de venda do Novo Banco, em Lisboa.&#13;\n<\/p>\n<p>&#13;<br \/>\nO ministro foi o \u00faltimo a intervir naquele que apelidou de &#8220;um momento de especial significado&#8221;. &#13;\n<\/p>\n<p>&#13;<br \/>\nAl\u00e9m de <b>&#8220;representar o culminar de um longo processo que teve o seu in\u00edcio h\u00e1 mais de dez anos, com a resolu\u00e7\u00e3o do Banco Esp\u00edrito Santo&#8221;<\/b>, o local escolhido, o Sal\u00e3o Nobre do Minist\u00e9rio das Finan\u00e7as, \u00e9 &#8220;um espa\u00e7o onde a Hist\u00f3ria do nosso pa\u00eds se escreve, desde h\u00e1 s\u00e9culos, e que \u00e9, em si mesmo, um s\u00edmbolo de reconstru\u00e7\u00e3o e da resili\u00eancia nacional&#8221;.&#13;\n<\/p>\n<p>&#13;<br \/>\nPara Miranda Sarmento, esta opera\u00e7\u00e3o &#8220;ser\u00e1 uma mais-valia no apoio e financiamento aos cidad\u00e3os e \u00e0s empresas portuguesas&#8221;. &#13;\n<\/p>\n<p>&#13;<br \/>\nJ\u00e1 o Estado portugu\u00eas <b>&#8220;consegue assegurar uma recupera\u00e7\u00e3o significativa dos fundos p\u00fablicos utilizados na reestrutura\u00e7\u00e3o do Novobanco&#8221;<\/b>. &#13;\n<\/p>\n<p>&#13;<br \/>\nEm junho deste ano, foi acordada a venda ao grupo banc\u00e1rio franc\u00eas BPCE por 6.400 milh\u00f5es de euros.&#13;<\/p>\n","protected":false},"excerpt":{"rendered":"&#13; &#8220;Esta opera\u00e7\u00e3o refor\u00e7a a diversifica\u00e7\u00e3o do sistema banc\u00e1rio nacional, evitando concentra\u00e7\u00f5es excessivas e assegurando o equil\u00edbrio e&hellip;\n","protected":false},"author":2,"featured_media":131221,"comment_status":"","ping_status":"","sticky":false,"template":"","format":"standard","meta":{"footnotes":""},"categories":[83],"tags":[29822,88,89,90,27961,32,33],"class_list":{"0":"post-131220","1":"post","2":"type-post","3":"status-publish","4":"format-standard","5":"has-post-thumbnail","7":"category-empresas","8":"tag-bpce","9":"tag-business","10":"tag-economy","11":"tag-empresas","12":"tag-espirito","13":"tag-portugal","14":"tag-pt"},"share_on_mastodon":{"url":"https:\/\/pubeurope.com\/@pt\/115457800657018936","error":""},"_links":{"self":[{"href":"https:\/\/www.europesays.com\/pt\/wp-json\/wp\/v2\/posts\/131220","targetHints":{"allow":["GET"]}}],"collection":[{"href":"https:\/\/www.europesays.com\/pt\/wp-json\/wp\/v2\/posts"}],"about":[{"href":"https:\/\/www.europesays.com\/pt\/wp-json\/wp\/v2\/types\/post"}],"author":[{"embeddable":true,"href":"https:\/\/www.europesays.com\/pt\/wp-json\/wp\/v2\/users\/2"}],"replies":[{"embeddable":true,"href":"https:\/\/www.europesays.com\/pt\/wp-json\/wp\/v2\/comments?post=131220"}],"version-history":[{"count":0,"href":"https:\/\/www.europesays.com\/pt\/wp-json\/wp\/v2\/posts\/131220\/revisions"}],"wp:featuredmedia":[{"embeddable":true,"href":"https:\/\/www.europesays.com\/pt\/wp-json\/wp\/v2\/media\/131221"}],"wp:attachment":[{"href":"https:\/\/www.europesays.com\/pt\/wp-json\/wp\/v2\/media?parent=131220"}],"wp:term":[{"taxonomy":"category","embeddable":true,"href":"https:\/\/www.europesays.com\/pt\/wp-json\/wp\/v2\/categories?post=131220"},{"taxonomy":"post_tag","embeddable":true,"href":"https:\/\/www.europesays.com\/pt\/wp-json\/wp\/v2\/tags?post=131220"}],"curies":[{"name":"wp","href":"https:\/\/api.w.org\/{rel}","templated":true}]}}