{"id":131232,"date":"2025-10-29T14:07:22","date_gmt":"2025-10-29T14:07:22","guid":{"rendered":"https:\/\/www.europesays.com\/pt\/131232\/"},"modified":"2025-10-29T14:07:22","modified_gmt":"2025-10-29T14:07:22","slug":"frankenstein-guillermo-del-toro-altera-o-final-da-historia-classica-spoiler","status":"publish","type":"post","link":"https:\/\/www.europesays.com\/pt\/131232\/","title":{"rendered":"&#8216;Frankenstein&#8217;: Guillermo del Toro altera o final da hist\u00f3ria cl\u00e1ssica [SPOILER]"},"content":{"rendered":"<p><strong>[AVISO DE SPOILER]<\/strong><\/p>\n<p>O aguardado filme <strong>\u2018<a href=\"https:\/\/cinepop.com.br\/tag\/frankenstein\/\" title=\"Frankenstein\" rel=\"nofollow noopener\" target=\"_blank\">Frankenstein<\/a>\u2019<\/strong>, dirigido por<strong> <a href=\"https:\/\/cinepop.com.br\/tag\/guillermo-del-toro\/\" title=\"Guillermo del Toro\" rel=\"nofollow noopener\" target=\"_blank\">Guillermo del Toro<\/a><\/strong>, trar\u00e1 mudan\u00e7as significativas em rela\u00e7\u00e3o ao cl\u00e1ssico liter\u00e1rio de <strong><a href=\"https:\/\/cinepop.com.br\/tag\/mary-shelley\/\" title=\"Mary Shelley\" rel=\"nofollow noopener\" target=\"_blank\">Mary Shelley<\/a><\/strong>. A produ\u00e7\u00e3o, que est\u00e1 em exibi\u00e7\u00e3o nos cinemas dos EUA e chega em breve \u00e0 <strong>Netflix<\/strong>, apresenta uma vers\u00e3o mais sombria e um final que subverte a trag\u00e9dia original.<\/p>\n<p><strong>O longa est\u00e1 programado para estrear na Netflix no dia 7 de novembro.<\/strong><\/p>\n<p>Apesar de a narrativa se desenvolver de forma semelhante a muitas adapta\u00e7\u00f5es, o filme aprofunda a crueldade do protagonista:<\/p>\n<p>Segundo o <a href=\"https:\/\/comicbookmovie.com\/monsters\/frankenstein\/frankenstein-spoilers-guillermo-del-toros-adaptation-makes-a-major-change-to-the-ending-of-the-novel-a224513\" rel=\"nofollow noopener\" target=\"_blank\">ComicBookMovie<\/a>, o cientista (interpretado por <strong><a href=\"https:\/\/cinepop.com.br\/tag\/oscar-isaac\/\" title=\"Oscar Isaac\" rel=\"nofollow noopener\" target=\"_blank\">Oscar Isaac<\/a><\/strong>) \u00e9 retratado como um homem mais cruel e delirante do que sua contraparte liter\u00e1ria, cuja indiferen\u00e7a culmina na trag\u00e9dia.<\/p>\n<p>A noiva de Victor, Elizabeth Lavenza (<strong><a href=\"https:\/\/cinepop.com.br\/tag\/mia-goth\/\" title=\"Mia Goth\" rel=\"nofollow noopener\" target=\"_blank\">Mia Goth<\/a><\/strong>), tamb\u00e9m estabelece um la\u00e7o de proximidade com a Criatura <strong>(Jacob Elordi<\/strong>) na vers\u00e3o de <strong>Del Toro.<\/strong><\/p>\n<p>O filme ainda altera um dos momentos mais famosos do livro. No romance, a Criatura assassina Elizabeth na noite de n\u00fapcias do casal. Na adapta\u00e7\u00e3o de <strong>Del Toro<\/strong>, <a href=\"https:\/\/cinepop.com.br\/tag\/frankenstein\/\" title=\"Frankenstein\" rel=\"nofollow noopener\" target=\"_blank\">Frankenstein<\/a> atira acidentalmente em Elizabeth enquanto ela est\u00e1 abra\u00e7ando sua Cria\u00e7\u00e3o.<\/p>\n<p><a href=\"https:\/\/cinepop.com.br\/frankenstein-jacob-elordi-fala-sobre-o-longo-processo-de-maquiagem-para-viver-o-monstro-697025\/\" rel=\"nofollow noopener\" target=\"_blank\">\u2018Frankenstein\u2019: Jacob Elordi fala sobre o longo processo de maquiagem para viver o monstro<\/a><\/p>\n<p>Ap\u00f3s a morte de Elizabeth, criador e cria\u00e7\u00e3o enlouquecem de luto e buscam vingan\u00e7a m\u00fatua. A persegui\u00e7\u00e3o leva a Criatura ao Polo Norte, onde Victor est\u00e1 gravemente ferido em um navio.<\/p>\n<p>No livro, <a href=\"https:\/\/cinepop.com.br\/tag\/frankenstein\/\" title=\"Frankenstein\" rel=\"nofollow noopener\" target=\"_blank\">Frankenstein<\/a> morre antes da chegada da Criatura. No filme de<strong> Del Toro<\/strong>, os dois compartilham um breve momento, com Victor se desculpando por seus atos e recebendo o perd\u00e3o de seu \u201cfilho\u201d.<\/p>\n<p>Por fim, no desfecho da trama a criatura decide abra\u00e7ar a vida, caminhando pelo gelo em dire\u00e7\u00e3o a um destino incerto, contrariando seu final no livro, aonde ela parte para morrer ao lado do criador.<\/p>\n<p><a href=\"https:\/\/cinepop.com.br\/frankenstein-epico-de-guillermo-del-toro-sera-exibido-na-mostra-de-sao-paulo-696948\/\" rel=\"nofollow noopener\" target=\"_blank\">\u2018Frankenstein\u2019: \u00c9PICO de Guillermo del Toro ser\u00e1 exibido na Mostra de S\u00e3o Paulo!<\/a><\/p>\n<p>Confira o trailer e siga o <a href=\"https:\/\/www.youtube.com\/cinepop?sub_confirmation=1\" target=\"_blank\" rel=\"noopener nofollow\"><strong>CinePOP no Youtube<\/strong><\/a>:<\/p>\n<p>Vale lembrar que a adapta\u00e7\u00e3o foi confirmada na sele\u00e7\u00e3o oficial da <strong>49\u00aa edi\u00e7\u00e3o da Mostra Internacional de Cinema de S\u00e3o Paulo<\/strong>.<\/p>\n<p>O longa-metragem, inspirado no revolucion\u00e1rio romance hom\u00f4nimo de\u00a0<strong><a href=\"https:\/\/cinepop.com.br\/tag\/mary-shelley\/\" title=\"Mary Shelley\" rel=\"nofollow noopener\" target=\"_blank\">Mary Shelley<\/a><\/strong>, integra uma s\u00f3lida escolha de t\u00edtulos que inclui\u00a0\u2018<strong>O Agente Secreto<\/strong>\u2018 e\u00a0\u2018<strong>Jay Kelly<\/strong>\u2018. Detalhes sobre os dias de exibi\u00e7\u00e3o ainda n\u00e3o foram divulgados.<\/p>\n<p>Para mais informa\u00e7\u00f5es, clique <a href=\"https:\/\/mostra.org\/jornal-da-mostra\/confira-a-selecao-completa-de-filmes-da-49-mostra\" rel=\"nofollow noopener\" target=\"_blank\">aqui<\/a>!<\/p>\n<p>\u201cNa trama, o brilhante e ego\u00edsta cientista Victor <a href=\"https:\/\/cinepop.com.br\/tag\/frankenstein\/\" title=\"Frankenstein\" rel=\"nofollow noopener\" target=\"_blank\">Frankenstein<\/a> d\u00e1 vida a uma criatura em um experimento monstruoso que, no fim das contas, leva \u00e0 ru\u00edna tanto do criador quanto de sua tr\u00e1gica cria\u00e7\u00e3o.\u201d<\/p>\n<p>O filme, que teve um or\u00e7amento estimado em <strong>US$ 120 milh\u00f5es<\/strong>.<\/p>\n<p><strong><a href=\"https:\/\/cinepop.com.br\/tag\/oscar-isaac\/\" title=\"Oscar Isaac\" rel=\"nofollow noopener\" target=\"_blank\">Oscar Isaac<\/a><\/strong> interpretar\u00e1 Victor <a href=\"https:\/\/cinepop.com.br\/tag\/frankenstein\/\" title=\"Frankenstein\" rel=\"nofollow noopener\" target=\"_blank\">Frankenstein<\/a>, enquanto <strong>Jacob Elordi<\/strong> dar\u00e1 vida ao seu monstro. O elenco ainda contar\u00e1 com <strong><a href=\"https:\/\/cinepop.com.br\/tag\/mia-goth\/\" title=\"Mia Goth\" rel=\"nofollow noopener\" target=\"_blank\">Mia Goth<\/a><\/strong> e\u00a0<strong><a href=\"https:\/\/cinepop.com.br\/tag\/christoph-waltz\/\" title=\"Christoph Waltz\" rel=\"nofollow noopener\" target=\"_blank\">Christoph Waltz<\/a><\/strong> como Elizabeth e Dr. Pretorius, respectivamente.<\/p>\n<p>\u201cEste filme tem estado na minha mente desde que eu era crian\u00e7a. Tenho tentado dirigi-lo por mais de 20 anos. Algumas pessoas acham que eu sou um pouco obcecado com \u2018<a href=\"https:\/\/cinepop.com.br\/tag\/frankenstein\/\" title=\"Frankenstein\" rel=\"nofollow noopener\" target=\"_blank\">Frankenstein<\/a>\u2019, e eles provavelmente est\u00e3o certos. Com o passar das d\u00e9cadas, o personagem se fundiu com a minha mente que sua hist\u00f3ria \u00e9 basicamente uma autobigrafia. N\u00e3o h\u00e1 nada mais pessoal do que isso,\u201d declarou o diretor.<\/p>\n<p><img fetchpriority=\"high\" decoding=\"async\" src=\"https:\/\/www.europesays.com\/pt\/wp-content\/uploads\/2025\/10\/1761746842_94_frankenstein-1.png\" alt=\"Frankenstein 1\" width=\"1011\" height=\"1264\"  \/><\/p>\n","protected":false},"excerpt":{"rendered":"[AVISO DE SPOILER] O aguardado filme \u2018Frankenstein\u2019, dirigido por Guillermo del Toro, trar\u00e1 mudan\u00e7as significativas em rela\u00e7\u00e3o ao&hellip;\n","protected":false},"author":2,"featured_media":94497,"comment_status":"","ping_status":"","sticky":false,"template":"","format":"standard","meta":{"footnotes":""},"categories":[140],"tags":[15016,23446,114,115,147,148,20865,3713,20866,23447,15417,146,18243,23448,32,33],"class_list":{"0":"post-131232","1":"post","2":"type-post","3":"status-publish","4":"format-standard","5":"has-post-thumbnail","7":"category-filmes","8":"tag-andrew-garfield","9":"tag-christoph-waltz","10":"tag-entertainment","11":"tag-entretenimento","12":"tag-film","13":"tag-filmes","14":"tag-frankenstein","15":"tag-guillermo-del-toro","16":"tag-j-miles-dale","17":"tag-mary-shelley","18":"tag-mia-goth","19":"tag-movies","20":"tag-oscar-isaac","21":"tag-pinoquio","22":"tag-portugal","23":"tag-pt"},"share_on_mastodon":{"url":"https:\/\/pubeurope.com\/@pt\/115457847889143665","error":""},"_links":{"self":[{"href":"https:\/\/www.europesays.com\/pt\/wp-json\/wp\/v2\/posts\/131232","targetHints":{"allow":["GET"]}}],"collection":[{"href":"https:\/\/www.europesays.com\/pt\/wp-json\/wp\/v2\/posts"}],"about":[{"href":"https:\/\/www.europesays.com\/pt\/wp-json\/wp\/v2\/types\/post"}],"author":[{"embeddable":true,"href":"https:\/\/www.europesays.com\/pt\/wp-json\/wp\/v2\/users\/2"}],"replies":[{"embeddable":true,"href":"https:\/\/www.europesays.com\/pt\/wp-json\/wp\/v2\/comments?post=131232"}],"version-history":[{"count":0,"href":"https:\/\/www.europesays.com\/pt\/wp-json\/wp\/v2\/posts\/131232\/revisions"}],"wp:featuredmedia":[{"embeddable":true,"href":"https:\/\/www.europesays.com\/pt\/wp-json\/wp\/v2\/media\/94497"}],"wp:attachment":[{"href":"https:\/\/www.europesays.com\/pt\/wp-json\/wp\/v2\/media?parent=131232"}],"wp:term":[{"taxonomy":"category","embeddable":true,"href":"https:\/\/www.europesays.com\/pt\/wp-json\/wp\/v2\/categories?post=131232"},{"taxonomy":"post_tag","embeddable":true,"href":"https:\/\/www.europesays.com\/pt\/wp-json\/wp\/v2\/tags?post=131232"}],"curies":[{"name":"wp","href":"https:\/\/api.w.org\/{rel}","templated":true}]}}