{"id":131234,"date":"2025-10-29T14:09:11","date_gmt":"2025-10-29T14:09:11","guid":{"rendered":"https:\/\/www.europesays.com\/pt\/131234\/"},"modified":"2025-10-29T14:09:11","modified_gmt":"2025-10-29T14:09:11","slug":"tres-estacoes-do-metro-recebem-pontos-de-vacinacao-nesta-quarta-feira-prefeitura-da-cidade-do-rio-de-janeiro","status":"publish","type":"post","link":"https:\/\/www.europesays.com\/pt\/131234\/","title":{"rendered":"Tr\u00eas esta\u00e7\u00f5es do metr\u00f4 recebem pontos de vacina\u00e7\u00e3o nesta quarta-feira &#8211; Prefeitura da Cidade do Rio de Janeiro"},"content":{"rendered":"<p>                     <img width=\"1620\" height=\"1080\"  src=\"https:\/\/www.europesays.com\/pt\/wp-content\/uploads\/2025\/10\/N8A3109.jpg\" class=\"attachment-post-thumbnail size-post-thumbnail wp-post-image lazyload\" alt=\"\" decoding=\"async\" fetchpriority=\"high\" \/>A a\u00e7\u00e3o ocorrer\u00e1 nas esta\u00e7\u00f5es Carioca, Botafogo e Triagem &#8211; Edu Kapps\/SMS                  <\/p>\n<p>Dando sequ\u00eancia \u00e0 parceria com a concession\u00e1ria Metr\u00f4Rio, a Secretaria Municipal de Sa\u00fade (SMS) leva a vacina\u00e7\u00e3o contra o sarampo e a febre amarela a tr\u00eas esta\u00e7\u00f5es nesta quarta-feira (29\/10). A a\u00e7\u00e3o ocorrer\u00e1 na Carioca, das 8h30 \u00e0s 15h30, e nas esta\u00e7\u00f5es de Botafogo e Triagem, das 9h \u00e0s 15h. Os pontos de vacina\u00e7\u00e3o ser\u00e3o instalados fora das \u00e1reas controladas, permitindo que qualquer pessoa possa se vacinar, sem precisar passar pelas catracas.<\/p>\n<p>A oferta de vacina\u00e7\u00e3o nas esta\u00e7\u00f5es faz parte da estrat\u00e9gia da SMS de levar a imuniza\u00e7\u00e3o a locais de grande circula\u00e7\u00e3o de pessoas. Durante a a\u00e7\u00e3o, al\u00e9m da aplica\u00e7\u00e3o das doses, as equipes de sa\u00fade v\u00e3o orientar os passageiros sobre a import\u00e2ncia de completar o esquema vacinal contra os v\u00edrus, al\u00e9m de tirar d\u00favidas sobre a imuniza\u00e7\u00e3o.<\/p>\n<p>A vacina\u00e7\u00e3o nas esta\u00e7\u00f5es \u00e9 voltada para adultos at\u00e9 59 anos que nunca tenham tomado alguma dessas vacinas, ou ambas, conforme calend\u00e1rio preconizado pelo Programa Nacional de Imuniza\u00e7\u00f5es do Minist\u00e9rio da Sa\u00fade. Para se vacinar, os interessados devem apresentar um documento de identifica\u00e7\u00e3o e, se poss\u00edvel, a caderneta de vacina\u00e7\u00e3o.<\/p>\n<p>A imuniza\u00e7\u00e3o est\u00e1 dispon\u00edvel em todas as 241 salas de vacina\u00e7\u00e3o do munic\u00edpio, incluindo o Super Centro Carioca de Vacina\u00e7\u00e3o, unidades Botafogo (funcionamento de domingo a domingo, das 8h \u00e0s 22h), Zona Oeste (no ParkShoppingCampoGrande, seguindo hor\u00e1rio do centro comercial) e Zona Norte (no shopping Nova Am\u00e9rica, funcionando tamb\u00e9m conforme hor\u00e1rio do centro comercial).<\/p>\n<p>\u00a0<\/p>\n<p><strong>Servi\u00e7o<\/strong><\/p>\n<p>Vacina\u00e7\u00e3o contra sarampo e febre amarela nas esta\u00e7\u00f5es do Metr\u00f4Rio<\/p>\n<p>Data: 29 de outubro<br \/>Esta\u00e7\u00e3o:\u00a0Carioca\/Centro (no mezanino, pr\u00f3ximo \u00e0 academia Smart Fit)<br \/>Hor\u00e1rio:\u00a0das 8h30 \u00e0s 15h30<\/p>\n<p>Esta\u00e7\u00f5es:<\/p>\n<p>Botafogo (corredor principal, pr\u00f3ximo ao acesso A (S\u00e3o Clemente)<br \/>Triagem: no corredor principal, pr\u00f3ximo ao acesso A (Rede Ferrovi\u00e1ria)<br \/>Hor\u00e1rio: das 9h \u00e0s 15h<\/p>\n<p>Categoria: <\/p>\n<li>29 de outubro de 2025<\/li>\n<p>\t\t\t\t\tMarca\u00e7\u00f5es: <a href=\"https:\/\/prefeitura.rio\/tag\/estacoes-do-metro\/\" rel=\"tag nofollow noopener\" target=\"_blank\">esta\u00e7\u00f5es do metr\u00f4<\/a> <a href=\"https:\/\/prefeitura.rio\/tag\/febre-amarela\/\" rel=\"tag nofollow noopener\" target=\"_blank\">febre amarela<\/a> <a href=\"https:\/\/prefeitura.rio\/tag\/sarampo\/\" rel=\"tag nofollow noopener\" target=\"_blank\">Sarampo<\/a> <a href=\"https:\/\/prefeitura.rio\/tag\/vacinacao\/\" rel=\"tag nofollow noopener\" target=\"_blank\">vacina\u00e7\u00e3o<\/a><\/p>\n","protected":false},"excerpt":{"rendered":"A a\u00e7\u00e3o ocorrer\u00e1 nas esta\u00e7\u00f5es Carioca, Botafogo e Triagem &#8211; Edu Kapps\/SMS Dando sequ\u00eancia \u00e0 parceria com a&hellip;\n","protected":false},"author":2,"featured_media":131235,"comment_status":"","ping_status":"","sticky":false,"template":"","format":"standard","meta":{"footnotes":""},"categories":[86],"tags":[29823,4480,116,32,33,1670,117,2820],"class_list":{"0":"post-131234","1":"post","2":"type-post","3":"status-publish","4":"format-standard","5":"has-post-thumbnail","7":"category-saude","8":"tag-estacoes-do-metro","9":"tag-febre-amarela","10":"tag-health","11":"tag-portugal","12":"tag-pt","13":"tag-sarampo","14":"tag-saude","15":"tag-vacinacao"},"share_on_mastodon":{"url":"https:\/\/pubeurope.com\/@pt\/115457855669160594","error":""},"_links":{"self":[{"href":"https:\/\/www.europesays.com\/pt\/wp-json\/wp\/v2\/posts\/131234","targetHints":{"allow":["GET"]}}],"collection":[{"href":"https:\/\/www.europesays.com\/pt\/wp-json\/wp\/v2\/posts"}],"about":[{"href":"https:\/\/www.europesays.com\/pt\/wp-json\/wp\/v2\/types\/post"}],"author":[{"embeddable":true,"href":"https:\/\/www.europesays.com\/pt\/wp-json\/wp\/v2\/users\/2"}],"replies":[{"embeddable":true,"href":"https:\/\/www.europesays.com\/pt\/wp-json\/wp\/v2\/comments?post=131234"}],"version-history":[{"count":0,"href":"https:\/\/www.europesays.com\/pt\/wp-json\/wp\/v2\/posts\/131234\/revisions"}],"wp:featuredmedia":[{"embeddable":true,"href":"https:\/\/www.europesays.com\/pt\/wp-json\/wp\/v2\/media\/131235"}],"wp:attachment":[{"href":"https:\/\/www.europesays.com\/pt\/wp-json\/wp\/v2\/media?parent=131234"}],"wp:term":[{"taxonomy":"category","embeddable":true,"href":"https:\/\/www.europesays.com\/pt\/wp-json\/wp\/v2\/categories?post=131234"},{"taxonomy":"post_tag","embeddable":true,"href":"https:\/\/www.europesays.com\/pt\/wp-json\/wp\/v2\/tags?post=131234"}],"curies":[{"name":"wp","href":"https:\/\/api.w.org\/{rel}","templated":true}]}}