{"id":131243,"date":"2025-10-29T14:15:11","date_gmt":"2025-10-29T14:15:11","guid":{"rendered":"https:\/\/www.europesays.com\/pt\/131243\/"},"modified":"2025-10-29T14:15:11","modified_gmt":"2025-10-29T14:15:11","slug":"moradores-encontram-mais-de-40-corpos-apos-operacao-policial-no-rio-de-janeiro-2","status":"publish","type":"post","link":"https:\/\/www.europesays.com\/pt\/131243\/","title":{"rendered":"Moradores encontram mais de 40 corpos ap\u00f3s opera\u00e7\u00e3o policial no Rio de Janeiro"},"content":{"rendered":"<p>\t                Corpos foram colocados por vizinhos numa pra\u00e7a do bairro da Penha<\/p>\n<p>Mais 40 de corpos sem vida foram encontrados por moradores de favelas do Rio de Janeiro que, na v\u00e9spera, foram palco da opera\u00e7\u00e3o policial mais letal da cidade, segundo a imprensa, que acompanhou o processo.<\/p>\n<p>De acordo com a ag\u00eancia espanhola Efe, os corpos foram colocados por vizinhos numa pra\u00e7a do bairro da Penha.<\/p>\n<p>No entanto, o portal G1 contabilizou mais de 54 corpos encontrados. Segundo o mesmo portal, os corpos foram encontrados na \u00e1rea de mata da Vacaria, na Serra da Miseric\u00f3rdia, onde se concentraram os confrontos.<\/p>\n<p>A recupera\u00e7\u00e3o dos corpos, sem a ajuda de autoridades, ainda em curso, est\u00e1 a ser realizada pelos moradores dos complexos de favelas do Alem\u00e3o e da Penha, situados numa das zonas mais pobres e violentas do Rio de Janeiro, na zona Norte da cidade.<\/p>\n<p>O balan\u00e7o oficial de v\u00edtimas da opera\u00e7\u00e3o \u00e9 de 64 mortos, entre eles quatro pol\u00edcias, e ainda n\u00e3o est\u00e1 claro se os cad\u00e1veres recuperados hoje est\u00e3o inclu\u00eddos nessa lista.<\/p>\n<p>Os corpos, todos de homens, ficaram estendidos no ch\u00e3o, lado a lado, \u00e0 vista dos moradores e dos jornalistas que chegaram ao local.<\/p>\n<p>A opera\u00e7\u00e3o de resgate, realizada em zonas de mata nas imedia\u00e7\u00f5es das favelas, foi liderada principalmente por mulheres, que procuravam os seus companheiros, irm\u00e3os ou filhos.<\/p>\n<p>De acordo com o \u00faltimo relat\u00f3rio oficial, divulgado na noite de ter\u00e7a-feira, a opera\u00e7\u00e3o provocou 64 mortos, entre eles quatro pol\u00edcias e resultou em 81 deten\u00e7\u00f5es.<\/p>\n<p>O Governo regional n\u00e3o forneceu dados sobre quantos corpos foram recuperados na ter\u00e7a-feira.<\/p>\n<p>A opera\u00e7\u00e3o mobilizou cerca de 2.500 agentes e tinha como objetivo executar 100 mandados de deten\u00e7\u00e3o de membros do Comando Vermelho, uma das principais fa\u00e7\u00f5es de narcotraficantes do Brasil.<\/p>\n<p>Os alegados traficantes responderam com bloqueios em v\u00e1rias vias da zona norte do Rio de janeiro, onde decorreu a opera\u00e7\u00e3o.<\/p>\n<p>As opera\u00e7\u00f5es e os bloqueios provocaram interrup\u00e7\u00f5es na circula\u00e7\u00e3o de cerca de uma centena de linhas de autocarros e o encerramento de dezenas de escolas e centros de sa\u00fade.<\/p>\n","protected":false},"excerpt":{"rendered":"Corpos foram colocados por vizinhos numa pra\u00e7a do bairro da Penha Mais 40 de corpos sem vida foram&hellip;\n","protected":false},"author":2,"featured_media":131244,"comment_status":"","ping_status":"","sticky":false,"template":"","format":"standard","meta":{"footnotes":""},"categories":[8],"tags":[609,836,611,726,27,28,607,608,333,29825,832,604,135,610,476,29824,15,16,301,830,14,603,25,26,570,21,22,831,833,62,834,12,13,19,20,835,602,52,32,23,24,33,2326,17,18,29,30,31],"class_list":{"0":"post-131243","1":"post","2":"type-post","3":"status-publish","4":"format-standard","5":"has-post-thumbnail","7":"category-principais-noticias","8":"tag-alerta","9":"tag-analise","10":"tag-ao-minuto","11":"tag-brasil","12":"tag-breaking-news","13":"tag-breakingnews","14":"tag-cnn","15":"tag-cnn-portugal","16":"tag-comentadores","17":"tag-corpos","18":"tag-costa","19":"tag-crime","20":"tag-desporto","21":"tag-direto","22":"tag-economia","23":"tag-favelas","24":"tag-featured-news","25":"tag-featurednews","26":"tag-governo","27":"tag-guerra","28":"tag-headlines","29":"tag-justica","30":"tag-latest-news","31":"tag-latestnews","32":"tag-live","33":"tag-main-news","34":"tag-mainnews","35":"tag-mais-vistas","36":"tag-marcelo","37":"tag-mundo","38":"tag-negocios","39":"tag-news","40":"tag-noticias","41":"tag-noticias-principais","42":"tag-noticiasprincipais","43":"tag-opiniao","44":"tag-pais","45":"tag-politica","46":"tag-portugal","47":"tag-principais-noticias","48":"tag-principaisnoticias","49":"tag-pt","50":"tag-rio-de-janeiro","51":"tag-top-stories","52":"tag-topstories","53":"tag-ultimas","54":"tag-ultimas-noticias","55":"tag-ultimasnoticias"},"share_on_mastodon":{"url":"","error":"Validation failed: Text character limit of 500 exceeded"},"_links":{"self":[{"href":"https:\/\/www.europesays.com\/pt\/wp-json\/wp\/v2\/posts\/131243","targetHints":{"allow":["GET"]}}],"collection":[{"href":"https:\/\/www.europesays.com\/pt\/wp-json\/wp\/v2\/posts"}],"about":[{"href":"https:\/\/www.europesays.com\/pt\/wp-json\/wp\/v2\/types\/post"}],"author":[{"embeddable":true,"href":"https:\/\/www.europesays.com\/pt\/wp-json\/wp\/v2\/users\/2"}],"replies":[{"embeddable":true,"href":"https:\/\/www.europesays.com\/pt\/wp-json\/wp\/v2\/comments?post=131243"}],"version-history":[{"count":0,"href":"https:\/\/www.europesays.com\/pt\/wp-json\/wp\/v2\/posts\/131243\/revisions"}],"wp:featuredmedia":[{"embeddable":true,"href":"https:\/\/www.europesays.com\/pt\/wp-json\/wp\/v2\/media\/131244"}],"wp:attachment":[{"href":"https:\/\/www.europesays.com\/pt\/wp-json\/wp\/v2\/media?parent=131243"}],"wp:term":[{"taxonomy":"category","embeddable":true,"href":"https:\/\/www.europesays.com\/pt\/wp-json\/wp\/v2\/categories?post=131243"},{"taxonomy":"post_tag","embeddable":true,"href":"https:\/\/www.europesays.com\/pt\/wp-json\/wp\/v2\/tags?post=131243"}],"curies":[{"name":"wp","href":"https:\/\/api.w.org\/{rel}","templated":true}]}}