{"id":131275,"date":"2025-10-29T14:36:35","date_gmt":"2025-10-29T14:36:35","guid":{"rendered":"https:\/\/www.europesays.com\/pt\/131275\/"},"modified":"2025-10-29T14:36:35","modified_gmt":"2025-10-29T14:36:35","slug":"f1-fernando-alonso-criticou-decisoes-dos-comissarios-no-gp-do-mexico","status":"publish","type":"post","link":"https:\/\/www.europesays.com\/pt\/131275\/","title":{"rendered":"F1: Fernando Alonso criticou decis\u00f5es dos comiss\u00e1rios no GP do M\u00e9xico"},"content":{"rendered":"<p>Fernando Alonso criticou duramente a atua\u00e7\u00e3o dos comiss\u00e1rios da FIA ap\u00f3s o in\u00edcio ca\u00f3tico do Grande Pr\u00e9mio do M\u00e9xico, acusando-os de \u201colharem para o lado\u201d perante v\u00e1rios pilotos que cortaram as curvas 2 e 3 do circuito. O piloto espanhol, que acabaria por abandonar a corrida no Aut\u00f3dromo Hermanos Rodr\u00edguez, afirmou que alguns concorrentes ganharam posi\u00e7\u00f5es de forma injusta ao sair dos limites da pista logo na primeira volta.<\/p>\n<p>De acordo com Alonso, pilotos como Charles Leclerc, Max Verstappen, Andrea Kimi Antonelli, Carlos Sainz e Liam Lawson sa\u00edram da pista e regressaram \u00e0 corrida v\u00e1rios lugares \u00e0 frente de quem manteve a trajet\u00f3ria correta. O espanhol destacou que este tipo de situa\u00e7\u00f5es se tem repetido e que a falta de penaliza\u00e7\u00f5es transmite uma sensa\u00e7\u00e3o de desigualdade competitiva.<\/p>\n<p>O bicampe\u00e3o referiu que compreende a necessidade de manobras de evas\u00e3o para evitar contactos, mas sublinhou que n\u00e3o se pode \u201ccortar a pista a fundo e ganhar duas ou tr\u00eas posi\u00e7\u00f5es\u201d sem as devolver. Alonso mostrou ironia ao afirmar que, numa pr\u00f3xima ocasi\u00e3o semelhante, tentar\u00e1 ser ele quem tira partido da permissividade dos comiss\u00e1rios.<\/p>\n<p>\u201cGanh\u00e1mos algumas posi\u00e7\u00f5es, fomos agressivos na Curva 1 e tudo parecia bem. Mas alguns carros foram em frente nas Curvas 2 e 3 e regressaram tr\u00eas ou quatro posi\u00e7\u00f5es \u00e0 minha frente. \u00c9 um pouco injusto. \u00c9 a segunda corrida seguida em que, na primeira volta, a FIA olha para o outro lado. Li\u00e7\u00e3o aprendida\u201d, afirmou Alonso \u00e0 F1 TV.<\/p>\n<blockquote class=\"wp-block-quote is-layout-flow wp-block-quote-is-layout-flow\">\n<p>\u201c\u00c9 permitido cortar quando n\u00e3o se consegue passar pela pista, para evitar toques, mas n\u00e3o se pode faz\u00ea-lo a fundo e ganhar posi\u00e7\u00f5es. Normalmente, teriam de as devolver. A FIA entendeu que n\u00e3o era necess\u00e1rio, e tentaremos aproveitar se acontecer de novo.\u201d<\/p>\n<\/blockquote>\n<blockquote class=\"wp-block-quote is-layout-flow wp-block-quote-is-layout-flow\"\/>\n","protected":false},"excerpt":{"rendered":"Fernando Alonso criticou duramente a atua\u00e7\u00e3o dos comiss\u00e1rios da FIA ap\u00f3s o in\u00edcio ca\u00f3tico do Grande Pr\u00e9mio do&hellip;\n","protected":false},"author":2,"featured_media":131276,"comment_status":"","ping_status":"","sticky":false,"template":"","format":"standard","meta":{"footnotes":""},"categories":[87],"tags":[135,970,24616,971,29827,718,32,33,134],"class_list":{"0":"post-131275","1":"post","2":"type-post","3":"status-publish","4":"format-standard","5":"has-post-thumbnail","7":"category-desporto","8":"tag-desporto","9":"tag-f1","10":"tag-fernando-alonso","11":"tag-formula-1","12":"tag-gp-do-mexico","13":"tag-newsletter","14":"tag-portugal","15":"tag-pt","16":"tag-sports"},"share_on_mastodon":{"url":"https:\/\/pubeurope.com\/@pt\/115457962286710282","error":""},"_links":{"self":[{"href":"https:\/\/www.europesays.com\/pt\/wp-json\/wp\/v2\/posts\/131275","targetHints":{"allow":["GET"]}}],"collection":[{"href":"https:\/\/www.europesays.com\/pt\/wp-json\/wp\/v2\/posts"}],"about":[{"href":"https:\/\/www.europesays.com\/pt\/wp-json\/wp\/v2\/types\/post"}],"author":[{"embeddable":true,"href":"https:\/\/www.europesays.com\/pt\/wp-json\/wp\/v2\/users\/2"}],"replies":[{"embeddable":true,"href":"https:\/\/www.europesays.com\/pt\/wp-json\/wp\/v2\/comments?post=131275"}],"version-history":[{"count":0,"href":"https:\/\/www.europesays.com\/pt\/wp-json\/wp\/v2\/posts\/131275\/revisions"}],"wp:featuredmedia":[{"embeddable":true,"href":"https:\/\/www.europesays.com\/pt\/wp-json\/wp\/v2\/media\/131276"}],"wp:attachment":[{"href":"https:\/\/www.europesays.com\/pt\/wp-json\/wp\/v2\/media?parent=131275"}],"wp:term":[{"taxonomy":"category","embeddable":true,"href":"https:\/\/www.europesays.com\/pt\/wp-json\/wp\/v2\/categories?post=131275"},{"taxonomy":"post_tag","embeddable":true,"href":"https:\/\/www.europesays.com\/pt\/wp-json\/wp\/v2\/tags?post=131275"}],"curies":[{"name":"wp","href":"https:\/\/api.w.org\/{rel}","templated":true}]}}