{"id":131284,"date":"2025-10-29T14:41:06","date_gmt":"2025-10-29T14:41:06","guid":{"rendered":"https:\/\/www.europesays.com\/pt\/131284\/"},"modified":"2025-10-29T14:41:06","modified_gmt":"2025-10-29T14:41:06","slug":"tem-seguro-de-saude-tem-prioridade-ers-denuncia-discriminacao","status":"publish","type":"post","link":"https:\/\/www.europesays.com\/pt\/131284\/","title":{"rendered":"&#8220;Tem seguro de sa\u00fade? Tem prioridade&#8221;. ERS denuncia discrimina\u00e7\u00e3o"},"content":{"rendered":"<p>&#13;<br \/>\nA Entidade Reguladora afirma que a\u00a0<b>discrimina\u00e7\u00e3o acontece na defini\u00e7\u00e3o de regras para agendar tratamentos.\u00a0<\/b>&#13;\n<\/p>\n<p>&#13;<br \/>\nOu seja, <b>h\u00e1 regras distintas de agendamento e de acesso a cuidados de sa\u00fade<\/b>, consoante a \u201corigem\u201d dos utentes. Se as pessoas s\u00e3o encaminhadas pelo SNS para os estabelecimentos privados convencionados acabam por ser as \u00faltimas a terem acesso a cuidados de sa\u00fade.&#13;\n<\/p>\n<p>O regulador <b>denuncia m\u00faltiplas situa\u00e7\u00f5es <\/b>em que os <b>utentes com seguro de sa\u00fade s\u00e3o os primeiros<\/b> a ter acesso a cuidados de sa\u00fade. <\/p>\n<p>A Entidade Reguladora da Sa\u00fade alerta que apesar de os privados poderem ter acordos com seguros ou com o SNS, <b>n\u00e3o podem criar barreiras de acesso<\/b> ou dar <b>prefer\u00eancia a utentes com seguro<\/b>. Os cuidados de sa\u00fade t\u00eam que ser prestados independentemente da fonte de financiamento, avisa a ERS.<br \/>&#13;\n<\/p>\n<p>&#13;<br \/>\nA <b>discrimina\u00e7\u00e3o pode resultar em multas at\u00e9 44 mil euros.<\/b>&#13;\n<\/p>\n<p>&#13;<br \/>\nMultas que podem ser aplicadas \u00e0s unidades de sa\u00fade privadas convencionadas pelo SNS.&#13;\n<\/p>\n<p>O regulador sublinha que a <b>lei portuguesa protege o direito do utente a ser atendido sem discrimina\u00e7\u00e3o.<\/b><\/p>\n","protected":false},"excerpt":{"rendered":"&#13; A Entidade Reguladora afirma que a\u00a0discrimina\u00e7\u00e3o acontece na defini\u00e7\u00e3o de regras para agendar tratamentos.\u00a0&#13; &#13; Ou seja,&hellip;\n","protected":false},"author":2,"featured_media":131285,"comment_status":"","ping_status":"","sticky":false,"template":"","format":"standard","meta":{"footnotes":""},"categories":[50],"tags":[27,28,15,16,14,25,26,21,22,62,12,13,19,20,23,24,420,421,17,18,29,30,31,63,64,65],"class_list":{"0":"post-131284","1":"post","2":"type-post","3":"status-publish","4":"format-standard","5":"has-post-thumbnail","7":"category-mundo","8":"tag-breaking-news","9":"tag-breakingnews","10":"tag-featured-news","11":"tag-featurednews","12":"tag-headlines","13":"tag-latest-news","14":"tag-latestnews","15":"tag-main-news","16":"tag-mainnews","17":"tag-mundo","18":"tag-news","19":"tag-noticias","20":"tag-noticias-principais","21":"tag-noticiasprincipais","22":"tag-principais-noticias","23":"tag-principaisnoticias","24":"tag-rtp","25":"tag-rtp-noticias","26":"tag-top-stories","27":"tag-topstories","28":"tag-ultimas","29":"tag-ultimas-noticias","30":"tag-ultimasnoticias","31":"tag-world","32":"tag-world-news","33":"tag-worldnews"},"share_on_mastodon":{"url":"https:\/\/pubeurope.com\/@pt\/115457981635504834","error":""},"_links":{"self":[{"href":"https:\/\/www.europesays.com\/pt\/wp-json\/wp\/v2\/posts\/131284","targetHints":{"allow":["GET"]}}],"collection":[{"href":"https:\/\/www.europesays.com\/pt\/wp-json\/wp\/v2\/posts"}],"about":[{"href":"https:\/\/www.europesays.com\/pt\/wp-json\/wp\/v2\/types\/post"}],"author":[{"embeddable":true,"href":"https:\/\/www.europesays.com\/pt\/wp-json\/wp\/v2\/users\/2"}],"replies":[{"embeddable":true,"href":"https:\/\/www.europesays.com\/pt\/wp-json\/wp\/v2\/comments?post=131284"}],"version-history":[{"count":0,"href":"https:\/\/www.europesays.com\/pt\/wp-json\/wp\/v2\/posts\/131284\/revisions"}],"wp:featuredmedia":[{"embeddable":true,"href":"https:\/\/www.europesays.com\/pt\/wp-json\/wp\/v2\/media\/131285"}],"wp:attachment":[{"href":"https:\/\/www.europesays.com\/pt\/wp-json\/wp\/v2\/media?parent=131284"}],"wp:term":[{"taxonomy":"category","embeddable":true,"href":"https:\/\/www.europesays.com\/pt\/wp-json\/wp\/v2\/categories?post=131284"},{"taxonomy":"post_tag","embeddable":true,"href":"https:\/\/www.europesays.com\/pt\/wp-json\/wp\/v2\/tags?post=131284"}],"curies":[{"name":"wp","href":"https:\/\/api.w.org\/{rel}","templated":true}]}}