{"id":131296,"date":"2025-10-29T14:51:11","date_gmt":"2025-10-29T14:51:11","guid":{"rendered":"https:\/\/www.europesays.com\/pt\/131296\/"},"modified":"2025-10-29T14:51:11","modified_gmt":"2025-10-29T14:51:11","slug":"unidade-especializada-em-diabetes-obesidade-e-hipertensao-recebe-quase-meio-milhao-de-reais-em-investimento","status":"publish","type":"post","link":"https:\/\/www.europesays.com\/pt\/131296\/","title":{"rendered":"Unidade especializada em diabetes, obesidade e hipertens\u00e3o recebe quase meio milh\u00e3o de reais em investimento"},"content":{"rendered":"<p>Melhorias e revitaliza\u00e7\u00f5es iniciadas em janeiro possibilitaram acessibilidade e amplia\u00e7\u00e3o do servi\u00e7o a usu\u00e1rios da rede p\u00fablica<\/p>\n<p dir=\"ltr\" style=\"text-align: justify;\">Os usu\u00e1rios do Centro Especializado em Diabetes, Obesidade e Hipertens\u00e3o Arterial (Cedoh) podem contar com uma estrutura ainda mais funcional e confort\u00e1vel. Ao todo, em reformas estruturais, foram empregados quase meio milh\u00e3o de reais. O investimento possibilitou, por exemplo, a substitui\u00e7\u00e3o das\u00a0cadeiras de podologia do <a href=\"https:\/\/www.saude.df.gov.br\/ambulatorio-do-pe-diabetico\" rel=\"nofollow noopener\" target=\"_blank\">Ambulat\u00f3rio do P\u00e9 Diab\u00e9tico<\/a>.<\/p>\n<p style=\"text-align: justify;\">Dentre as melhorias iniciadas em janeiro deste ano, est\u00e3o ainda a troca da rede el\u00e9trica e hidr\u00e1ulica, dos telhados e dos pisos do sal\u00e3o externo, al\u00e9m de pintura geral. Todo o cal\u00e7amento foi reconstru\u00eddo, de modo a garantir acessibilidade, com alargamento das faixas de pedestres e instala\u00e7\u00e3o de rampas e rebaixamentos. Portas e janelas em blindex tamb\u00e9m foram instaladas.<br \/>\u00a0<\/p>\n<p>        <img loading=\"lazy\" decoding=\"async\" alt=\"\" height=\"510\" src=\"https:\/\/www.europesays.com\/pt\/wp-content\/uploads\/2025\/10\/dd4a2b46-aace-24d6-104e-60c88a1a2bf0\" style=\"margin: 0px;\" width=\"768\"\/> <\/p>\n<p>         Todo o cal\u00e7amento foi reconstru\u00eddo, de modo a garantir acessibilidade, com alargamento das faixas de pedestres e instala\u00e7\u00e3o de rampas e rebaixamentos. Foto: Matheus Oliveira\/Ag\u00eancia Sa\u00fade DF<\/p>\n<p style=\"text-align: justify;\">A aposentada Ilda Modesto, 66 anos, conheceu o servi\u00e7o neste m\u00eas. Ela acompanha o filho Lucas Modesto, 35 anos, no tratamento de Diabetes Autoimune Latente do Adulto (Lada). O paciente teve a segunda consulta com a equipe multiprofissional do centro, ap\u00f3s o encaminhamento do m\u00e9dico de Fam\u00edlia e Comunidade da Unidade B\u00e1sica de Sa\u00fade (UBS) que t\u00eam por refer\u00eancia. &#8220;N\u00f3s ficamos encantados desde a primeira vez que viemos aqui&#8221;, conta a m\u00e3e.<\/p>\n<p style=\"text-align: justify;\"><strong>Amplia\u00e7\u00e3o<\/strong><\/p>\n<p style=\"text-align: justify;\">As modifica\u00e7\u00f5es internas possibilitaram a constru\u00e7\u00e3o de tr\u00eas novas salas para acolhimento e assist\u00eancia de enfermagem. A revitaliza\u00e7\u00e3o tamb\u00e9m alcan\u00e7ou o espa\u00e7o de conviv\u00eancia, um sal\u00e3o externo utilizado para atividades em grupo.\u00a0<\/p>\n<p style=\"text-align: justify;\">Al\u00e9m de beneficiar os pacientes, as melhorias tamb\u00e9m motivam os profissionais. &#8220;Essas adequa\u00e7\u00f5es ocorrem e a gente fica com mais vontade de cuidar e de melhorar. Um lugar bem cuidado pede que continue sendo cuidado&#8221;, afirma a gerente substituta do Cedoh, C\u00e1ssia Regina Luz.<br \/>\u00a0<\/p>\n<p>        <img loading=\"lazy\" decoding=\"async\" alt=\"\" height=\"510\" src=\"https:\/\/www.europesays.com\/pt\/wp-content\/uploads\/2025\/10\/1e7d80f9-cd24-86a1-6b31-1257d2d9a8ae\" style=\"margin: 0px;\" width=\"768\"\/> <\/p>\n<p>         As modifica\u00e7\u00f5es internas possibilitaram a constru\u00e7\u00e3o de tr\u00eas novas salas para acolhimento e assist\u00eancia em enfermagem. Foto: Matheus Oliveira\/Ag\u00eancia Sa\u00fade DF<\/p>\n<p style=\"text-align: justify;\"><strong>Refer\u00eancia especializada<\/strong><\/p>\n<p style=\"text-align: justify;\">O <a href=\"https:\/\/www.saude.df.gov.br\/centro-especializado-em-diabetes-obesidade-e-hipertensao-arterial-cedoh\" rel=\"noopener nofollow\" target=\"_blank\">Cedoh<\/a> \u00e9 a refer\u00eancia especializada para consultas ambulatoriais de casos graves de diabetes, obesidade e hipertens\u00e3o arterial. Desde 2017, os servi\u00e7os s\u00e3o ofertados aos usu\u00e1rios do Sistema \u00danico de Sa\u00fade no DF.\u00a0<\/p>\n<p style=\"text-align: justify;\">Para a realiza\u00e7\u00e3o da primeira consulta \u00e9 necess\u00e1rio ser encaminhado por uma UBS por meio do Sistema de Regula\u00e7\u00e3o, de acordo com os crit\u00e9rios da nota t\u00e9cnica da endocrinologia para diabetes, obesidade ou hipertens\u00e3o.<br \/>\u00a0<\/p>\n<p>        <img loading=\"lazy\" decoding=\"async\" alt=\"\" height=\"510\" src=\"https:\/\/www.europesays.com\/pt\/wp-content\/uploads\/2025\/10\/4b659e9a-8362-f0a2-425b-5dc295cf0065\" style=\"margin: 0px;\" width=\"768\"\/> <\/p>\n<p>         A revitaliza\u00e7\u00e3o tamb\u00e9m alcan\u00e7ou o espa\u00e7o de conviv\u00eancia, um sal\u00e3o externo utilizado para atividades em grupo. Foto: Matheus Oliveira\/Ag\u00eancia Sa\u00fade DF<\/p>\n<p style=\"text-align: justify;\">\u00a0<\/p>\n","protected":false},"excerpt":{"rendered":"Melhorias e revitaliza\u00e7\u00f5es iniciadas em janeiro possibilitaram acessibilidade e amplia\u00e7\u00e3o do servi\u00e7o a usu\u00e1rios da rede p\u00fablica Os&hellip;\n","protected":false},"author":2,"featured_media":131297,"comment_status":"","ping_status":"","sticky":false,"template":"","format":"standard","meta":{"footnotes":""},"categories":[86],"tags":[3980,4358,6135,16403,10138,29828,26439,29833,1661,29830,116,9399,29831,25546,1133,16404,32,33,29832,17583,23342,117,29829,4483,10213],"class_list":{"0":"post-131296","1":"post","2":"type-post","3":"status-publish","4":"format-standard","5":"has-post-thumbnail","7":"category-saude","8":"tag-3980","9":"tag-acessibilidade","10":"tag-acolhimento","11":"tag-ambulatorio","12":"tag-ampliacao","13":"tag-assistencia","14":"tag-cedoh","15":"tag-consultas-ambulatoriais","16":"tag-destaque","17":"tag-estrutura","18":"tag-health","19":"tag-investimento","20":"tag-lada","21":"tag-melhorias","22":"tag-noticia","23":"tag-pe-diabetico","24":"tag-portugal","25":"tag-pt","26":"tag-referencia-especializada","27":"tag-reformas","28":"tag-revitalizacao","29":"tag-saude","30":"tag-sistema-de-regulacao","31":"tag-sus","32":"tag-ubs"},"share_on_mastodon":{"url":"https:\/\/pubeurope.com\/@pt\/115458020982525841","error":""},"_links":{"self":[{"href":"https:\/\/www.europesays.com\/pt\/wp-json\/wp\/v2\/posts\/131296","targetHints":{"allow":["GET"]}}],"collection":[{"href":"https:\/\/www.europesays.com\/pt\/wp-json\/wp\/v2\/posts"}],"about":[{"href":"https:\/\/www.europesays.com\/pt\/wp-json\/wp\/v2\/types\/post"}],"author":[{"embeddable":true,"href":"https:\/\/www.europesays.com\/pt\/wp-json\/wp\/v2\/users\/2"}],"replies":[{"embeddable":true,"href":"https:\/\/www.europesays.com\/pt\/wp-json\/wp\/v2\/comments?post=131296"}],"version-history":[{"count":0,"href":"https:\/\/www.europesays.com\/pt\/wp-json\/wp\/v2\/posts\/131296\/revisions"}],"wp:featuredmedia":[{"embeddable":true,"href":"https:\/\/www.europesays.com\/pt\/wp-json\/wp\/v2\/media\/131297"}],"wp:attachment":[{"href":"https:\/\/www.europesays.com\/pt\/wp-json\/wp\/v2\/media?parent=131296"}],"wp:term":[{"taxonomy":"category","embeddable":true,"href":"https:\/\/www.europesays.com\/pt\/wp-json\/wp\/v2\/categories?post=131296"},{"taxonomy":"post_tag","embeddable":true,"href":"https:\/\/www.europesays.com\/pt\/wp-json\/wp\/v2\/tags?post=131296"}],"curies":[{"name":"wp","href":"https:\/\/api.w.org\/{rel}","templated":true}]}}