{"id":131298,"date":"2025-10-29T14:52:11","date_gmt":"2025-10-29T14:52:11","guid":{"rendered":"https:\/\/www.europesays.com\/pt\/131298\/"},"modified":"2025-10-29T14:52:11","modified_gmt":"2025-10-29T14:52:11","slug":"bruno-savate-reage-a-polemica-de-bruno-com-marisa-susana","status":"publish","type":"post","link":"https:\/\/www.europesays.com\/pt\/131298\/","title":{"rendered":"Bruno Savate reage \u00e0 pol\u00e9mica de Bruno com Marisa Susana"},"content":{"rendered":"<p>\t\t\t\t\t\t\t\t\t\t\t\t<a href=\"#\" onclick=\"window.open('http:\/\/www.facebook.com\/sharer.php?u=https:\/\/cusquices.com\/bruno-savate-reage-a-polemica-de-bruno-com-marisa-susana\/&amp;t=Bruno Savate reage \u00e0 pol\u00e9mica de Bruno com Marisa Susana', 'facebookShare', 'width=626,height=436'); return false;\" title=\"Share on Facebook\"><\/p>\n<p>Share<\/p>\n<p><\/a><br \/>\n\t\t\t\t\t\t\t\t\t\t\t\t<a href=\"#\" onclick=\"window.open('http:\/\/twitter.com\/share?text=Bruno Savate reage \u00e0 pol\u00e9mica de Bruno com Marisa Susana -&amp;url=https:\/\/cusquices.com\/bruno-savate-reage-a-polemica-de-bruno-com-marisa-susana\/', 'twitterShare', 'width=626,height=436'); return false;\" title=\"Tweet This Post\"><\/p>\n<p>Tweet<\/p>\n<p><\/a><br \/>\n\t\t\t\t\t\t\t\t\t\t\t\t<a href=\"whatsapp:\/\/send?text=Bruno Savate reage \u00e0 pol\u00e9mica de Bruno com Marisa Susana https:\/\/cusquices.com\/bruno-savate-reage-a-polemica-de-bruno-com-marisa-susana\/\" rel=\"nofollow\"><\/p>\n<p>Share<\/p>\n<p><\/a><br \/>\n\t\t\t\t\t\t\t\t\t\t\t\t<a href=\"#\" onclick=\"window.open('http:\/\/pinterest.com\/pin\/create\/button\/?url=https:\/\/cusquices.com\/bruno-savate-reage-a-polemica-de-bruno-com-marisa-susana\/&amp;media=https:\/\/cusquices.com\/wp-content\/uploads\/2025\/10\/savate-brunomarisu-1000x600.jpg&amp;description=Bruno Savate reage \u00e0 pol\u00e9mica de Bruno com Marisa Susana', 'pinterestShare', 'width=750,height=350'); return false;\" title=\"Pin This Post\"><\/p>\n<p>Share<\/p>\n<p><\/a><br \/>\n\t\t\t\t\t\t\t\t\t\t\t\t<a href=\"mailto:?subject=Bruno Savate reage \u00e0 pol\u00e9mica de Bruno com Marisa Susana&amp;BODY=I found this article interesting and thought of sharing it with you. Check it out: https:\/\/cusquices.com\/bruno-savate-reage-a-polemica-de-bruno-com-marisa-susana\/\"><\/p>\n<p>Email<\/p>\n<p><\/a><br \/>\n\t\t\t\t\t\t\t\t\t\t\t\t\t\t\t\t\t\t\t\t\t\t\t\t\t\t\t\t\t\t\t\t\t\t\t\t\t\t\t\t\t\t\t\t\t\t\t\t\t\t\t\t\t<a href=\"https:\/\/cusquices.com\/bruno-savate-reage-a-polemica-de-bruno-com-marisa-susana\/#respond\" rel=\"nofollow noopener\" target=\"_blank\"><\/p>\n<p>Savate j\u00e1 reagiu \u00e0 pol\u00e9mica da farinha de Bruno com Marisa Susana no Secret Story.<\/p>\n<p>Os \u00e2nimos voltaram a exaltar-se na casa mais vigiada do pa\u00eds na noite desta ter\u00e7a-feira, 28 de outubro. Tudo come\u00e7ou quando <a href=\"https:\/\/cusquices.com\/redes-sociais-ao-rubro-apelam-pela-expulsao-de-bruno-apos-confronto-com-marisa-susana\/\" rel=\"nofollow noopener\" target=\"_blank\">Marisa Susana decidiu usar a farinha do grupo rival para fazer p\u00e3o para todos, o que irritou Bruno.<\/a> A tens\u00e3o rapidamente escalou, e o concorrente acabou por tentar tirar a farinha das m\u00e3os de Marisa, chegando mesmo a agarr\u00e1-la pelo pesco\u00e7o.<\/p>\n<p>O momento gerou indigna\u00e7\u00e3o e provocou uma onda de revolta nas redes sociais, onde muitos f\u00e3s do reality show apelam \u00e0 expuls\u00e3o imediata de Bruno. C\u00e1 fora, <strong>Bruno Savate <\/strong>tamb\u00e9m j\u00e1 reagiu \u00e0 pol\u00e9mica, mostrando-se chocado com as imagens que est\u00e3o a circular.<\/p>\n<p>O veterano dos reality shows \u2018apela\u2019 pelo cancelamento de<strong> Bruno<\/strong> e para al\u00e9m de partilhar o v\u00eddeo do momento que Bruno tenta arrancar a ta\u00e7a com a farinha das m\u00e3os de <strong>Marisa Susana,<\/strong> pode ler-se v\u00e1rios <strong>\u2018Cancelled\u2019.<\/strong><\/p>\n<p><img loading=\"lazy\" decoding=\"async\" width=\"572\" height=\"1024\" src=\"https:\/\/www.europesays.com\/pt\/wp-content\/uploads\/2025\/10\/savate-reage-572x1024.png\" alt=\"\" class=\"wp-image-99733 webpexpress-processed\"  \/><\/p>\n<p><strong>Leia tamb\u00e9m:<\/strong><\/p>\n<p>\t\t\t\t\t\t\t\t\t\t\t\t\t\t\t\t\t\t\t\t\t\t\t\t\t<img decoding=\"async\" src=\"https:\/\/www.europesays.com\/pt\/wp-content\/uploads\/2025\/10\/cusquices-logo-52x.png\" class=\"webpexpress-processed\"\/><\/p>\n<p>\t\t\t\t\t\t\t\t\t\t\t\t\t\t\t\t\t\t\t\t\t            \t\t\t\t\t\t\t\t\t\t\t\t\t\t\t\t\t\t\t\t\t\t\t\t\t\t\t\t\t\t\t\t\t\t\t\t\t\t\t<script async src=\"https:\/\/platform.twitter.com\/widgets.js\" charset=\"utf-8\"><\/script><\/p>\n","protected":false},"excerpt":{"rendered":"Share Tweet Share Share Email Savate j\u00e1 reagiu \u00e0 pol\u00e9mica da farinha de Bruno com Marisa Susana no&hellip;\n","protected":false},"author":2,"featured_media":131299,"comment_status":"","ping_status":"","sticky":false,"template":"","format":"standard","meta":{"footnotes":""},"categories":[85],"tags":[3768,1253,2632,49,114,115,19153,32,33],"class_list":{"0":"post-131298","1":"post","2":"type-post","3":"status-publish","4":"format-standard","5":"has-post-thumbnail","7":"category-entretenimento","8":"tag-bruno","9":"tag-bruno-savate","10":"tag-casa-dos-segredos","11":"tag-destaques","12":"tag-entertainment","13":"tag-entretenimento","14":"tag-marisa-susana","15":"tag-portugal","16":"tag-pt"},"share_on_mastodon":{"url":"https:\/\/pubeurope.com\/@pt\/115458024733079714","error":""},"_links":{"self":[{"href":"https:\/\/www.europesays.com\/pt\/wp-json\/wp\/v2\/posts\/131298","targetHints":{"allow":["GET"]}}],"collection":[{"href":"https:\/\/www.europesays.com\/pt\/wp-json\/wp\/v2\/posts"}],"about":[{"href":"https:\/\/www.europesays.com\/pt\/wp-json\/wp\/v2\/types\/post"}],"author":[{"embeddable":true,"href":"https:\/\/www.europesays.com\/pt\/wp-json\/wp\/v2\/users\/2"}],"replies":[{"embeddable":true,"href":"https:\/\/www.europesays.com\/pt\/wp-json\/wp\/v2\/comments?post=131298"}],"version-history":[{"count":0,"href":"https:\/\/www.europesays.com\/pt\/wp-json\/wp\/v2\/posts\/131298\/revisions"}],"wp:featuredmedia":[{"embeddable":true,"href":"https:\/\/www.europesays.com\/pt\/wp-json\/wp\/v2\/media\/131299"}],"wp:attachment":[{"href":"https:\/\/www.europesays.com\/pt\/wp-json\/wp\/v2\/media?parent=131298"}],"wp:term":[{"taxonomy":"category","embeddable":true,"href":"https:\/\/www.europesays.com\/pt\/wp-json\/wp\/v2\/categories?post=131298"},{"taxonomy":"post_tag","embeddable":true,"href":"https:\/\/www.europesays.com\/pt\/wp-json\/wp\/v2\/tags?post=131298"}],"curies":[{"name":"wp","href":"https:\/\/api.w.org\/{rel}","templated":true}]}}