{"id":131305,"date":"2025-10-29T14:56:13","date_gmt":"2025-10-29T14:56:13","guid":{"rendered":"https:\/\/www.europesays.com\/pt\/131305\/"},"modified":"2025-10-29T14:56:13","modified_gmt":"2025-10-29T14:56:13","slug":"libertados-os-suspeitos-de-seguirem-em-lancha-que-matou-gnr-observador","status":"publish","type":"post","link":"https:\/\/www.europesays.com\/pt\/131305\/","title":{"rendered":"Libertados os suspeitos de seguirem em lancha que matou GNR \u2013 Observador"},"content":{"rendered":"<p>Os dois homens de nacionalidade espanhola que foram esta ter\u00e7a-feira identificados <a href=\"https:\/\/observador.pt\/2025\/10\/28\/um-militar-da-gnr-morreu-e-tres-ficaram-feridos-em-colisao-com-lancha-usada-por-suspeitos-de-trafico-de-droga-no-rio-guadiana\/\" rel=\"nofollow noopener\" target=\"_blank\">por suposta liga\u00e7\u00e3o com a lancha que foi encontrada queimada ap\u00f3s colidir com a embarca\u00e7\u00e3o da GNR<\/a> e que provocou a morte um militar daquela for\u00e7a, j\u00e1 foram libertados, sabe o Observador. Os dois homens ter\u00e3o sido constitu\u00eddos arguidos num outro processo, mas n\u00e3o ter\u00e3o qualquer liga\u00e7\u00e3o com a lancha envolvida na colis\u00e3o e que foi mais tarde encontrada incendiada.<\/p>\n<p>Os suspeitos tinham sido localizados pela GNR quando seguiam de carro numa ponte sobre o Guadiana em dire\u00e7\u00e3o a Espanha e levavam quantias avultadas de dinheiro. N\u00e3o h\u00e1 detalhes sobre que outros ind\u00edcios apontou a GNR para suportar a suposta liga\u00e7\u00e3o \u00e0 lancha, mas o Observador sabe que essa tese acabou por n\u00e3o ser confirmada ap\u00f3s serem interrogados pelos inspetores da Pol\u00edcia Judici\u00e1ria.<\/p>\n<p>Ainda esta ter\u00e7a-feira, a Pol\u00edcia Judici\u00e1ria, que assumiu a investiga\u00e7\u00e3o por homic\u00eddio qualificado e homic\u00eddio tentado, confirmou que dois suspeitos estavam a ser inquiridos para tentar apurar o que se passou, para decidir se seriam ou n\u00e3o presentes a autoridade judicial. No entanto, horas depois acabariam por ser libertados, ainda assim, sabe o Observador, foram constitu\u00eddos arguidos por outros crimes, no \u00e2mbito de um outro processo.<\/p>\n<p><a href=\"https:\/\/observador.pt\/especiais\/isto-e-um-homicidio-puro-e-duro-como-o-trafico-de-droga-que-ensombra-o-rio-guadiana-matou-o-cabo-manata-e-silva-que-vivia-para-a-gnr\/\" rel=\"nofollow noopener\" target=\"_blank\">A colis\u00e3o da lancha usada para o tr\u00e1fico de drogas e a embarca\u00e7\u00e3o da GNR aconteceu no rio Guadiana, no concelho de Alcoutim<\/a>, distrito de Faro, muito perto da fronteira com Espanha.<\/p>\n<p>Ap\u00f3s terem sido detetadas movimenta\u00e7\u00f5es estranhas e a presen\u00e7a de uma lancha na \u00e1rea, foi enviada uma patrulha do Controlo Costeiro de Olh\u00e3o, que acabaria por tentar abordar os suspeitos. Foi nessa altura que a embarca\u00e7\u00e3o da GNR foi abalroada. Um dos militares morreu e tr\u00eas ficaram com ferimentos: um com fratura num bra\u00e7o e dois com escoria\u00e7\u00f5es.<\/p>\n","protected":false},"excerpt":{"rendered":"Os dois homens de nacionalidade espanhola que foram esta ter\u00e7a-feira identificados por suposta liga\u00e7\u00e3o com a lancha que&hellip;\n","protected":false},"author":2,"featured_media":131306,"comment_status":"","ping_status":"","sticky":false,"template":"","format":"standard","meta":{"footnotes":""},"categories":[10],"tags":[27,28,15,16,2002,14,25,26,21,22,12,13,19,20,2003,32,23,24,33,2004,58,17,18,29,30,31],"class_list":{"0":"post-131305","1":"post","2":"type-post","3":"status-publish","4":"format-standard","5":"has-post-thumbnail","7":"category-portugal","8":"tag-breaking-news","9":"tag-breakingnews","10":"tag-featured-news","11":"tag-featurednews","12":"tag-gnr","13":"tag-headlines","14":"tag-latest-news","15":"tag-latestnews","16":"tag-main-news","17":"tag-mainnews","18":"tag-news","19":"tag-noticias","20":"tag-noticias-principais","21":"tag-noticiasprincipais","22":"tag-polu00edcia","23":"tag-portugal","24":"tag-principais-noticias","25":"tag-principaisnoticias","26":"tag-pt","27":"tag-seguranu00e7a","28":"tag-sociedade","29":"tag-top-stories","30":"tag-topstories","31":"tag-ultimas","32":"tag-ultimas-noticias","33":"tag-ultimasnoticias"},"share_on_mastodon":{"url":"https:\/\/pubeurope.com\/@pt\/115458040411517899","error":""},"_links":{"self":[{"href":"https:\/\/www.europesays.com\/pt\/wp-json\/wp\/v2\/posts\/131305","targetHints":{"allow":["GET"]}}],"collection":[{"href":"https:\/\/www.europesays.com\/pt\/wp-json\/wp\/v2\/posts"}],"about":[{"href":"https:\/\/www.europesays.com\/pt\/wp-json\/wp\/v2\/types\/post"}],"author":[{"embeddable":true,"href":"https:\/\/www.europesays.com\/pt\/wp-json\/wp\/v2\/users\/2"}],"replies":[{"embeddable":true,"href":"https:\/\/www.europesays.com\/pt\/wp-json\/wp\/v2\/comments?post=131305"}],"version-history":[{"count":0,"href":"https:\/\/www.europesays.com\/pt\/wp-json\/wp\/v2\/posts\/131305\/revisions"}],"wp:featuredmedia":[{"embeddable":true,"href":"https:\/\/www.europesays.com\/pt\/wp-json\/wp\/v2\/media\/131306"}],"wp:attachment":[{"href":"https:\/\/www.europesays.com\/pt\/wp-json\/wp\/v2\/media?parent=131305"}],"wp:term":[{"taxonomy":"category","embeddable":true,"href":"https:\/\/www.europesays.com\/pt\/wp-json\/wp\/v2\/categories?post=131305"},{"taxonomy":"post_tag","embeddable":true,"href":"https:\/\/www.europesays.com\/pt\/wp-json\/wp\/v2\/tags?post=131305"}],"curies":[{"name":"wp","href":"https:\/\/api.w.org\/{rel}","templated":true}]}}