{"id":131311,"date":"2025-10-29T14:59:13","date_gmt":"2025-10-29T14:59:13","guid":{"rendered":"https:\/\/www.europesays.com\/pt\/131311\/"},"modified":"2025-10-29T14:59:13","modified_gmt":"2025-10-29T14:59:13","slug":"conservatorio-recebe-carlos-coelho-para-masterclasse","status":"publish","type":"post","link":"https:\/\/www.europesays.com\/pt\/131311\/","title":{"rendered":"Conservat\u00f3rio recebe Carlos Coelho para masterclasse"},"content":{"rendered":"<p id=\"block-1\">O Conservat\u00f3rio \u2013 Escola das Artes da Madeira, Eng. Luiz Peter Clode, ir\u00e1 promover no pr\u00f3ximo dia 31 de Outubro uma masterclasse dedicada ao tema &#8216;Criatividade em Comunica\u00e7\u00e3o&#8217;, orientada pelo designer Carlos Coelho, uma das mais reconhecidas refer\u00eancias nacionais na constru\u00e7\u00e3o e gest\u00e3o de marcas.<\/p>\n<p id=\"block-2\">Esta iniciativa &#8220;tem como objectivo proporcionar aos alunos um momento de reflex\u00e3o sobre o papel da criatividade na sociedade, compreender o trabalho do artista, bem como promover a partilha de experi\u00eancias profissionais no \u00e2mbito das \u00e1reas criativas&#8221;, informa a escola.<\/p>\n<p id=\"block-3\">Ao longo de mais de 30 anos, Carlos Coelho &#8220;liderou projetos para algumas das marcas mais relevantes em Portugal, como Multibanco, Vodafone, Galp, RTP, CTT, TAP, Sonae ou Delta&#8221;. Al\u00e9m disso, &#8220;\u00e9 professor, colunista, comentador e foi apresentador do programa Imagi-Na\u00e7\u00e3o, sendo reconhecido pelas suas perspetivas inovadoras. Nos \u00faltimos cinco anos realizou mais de 200 palestras em Portugal e no estrangeiro&#8221;. <\/p>\n<p id=\"block-4\">O palestrante &#8220;foi distinguido como Personalidade de Marketing do Ano em 2005 (APPM) e 2011 (IPAM), e recebeu o pr\u00e9mio carreira do IADE Creative University. Desde 2007, \u00e9 fundador e presidente da Ivity Brand Corp, consultora internacional de marcas que j\u00e1 conquistou mais de 200 pr\u00e9mios, incluindo 14 distin\u00e7\u00f5es como Empresa do Ano, o Le\u00e3o de Ouro em Cannes e o melhor projeto de Branding com a marca LEYA&#8221;.<\/p>\n<p id=\"block-5\">Carlos Coelho &#8220;criou o World Bank of Creativity, integra conselhos estrat\u00e9gicos de v\u00e1rias organiza\u00e7\u00f5es e \u00e9 membro da Academia Portuguesa de Gastronomia. \u00c9 ainda fundador e presidente da Associa\u00e7\u00e3o Portugal Genial, dedicada ao apoio de iniciativas criativas ligadas \u00e0 economia e aos recursos end\u00f3genos do pa\u00eds&#8221;, conclui a nota.<\/p>\n<p id=\"block-6\">A masterclasse ter\u00e1 lugar no Audit\u00f3rio da Escola Profissional Francisco Fernandes, \u00e0s 15h00.<\/p>\n","protected":false},"excerpt":{"rendered":"O Conservat\u00f3rio \u2013 Escola das Artes da Madeira, Eng. Luiz Peter Clode, ir\u00e1 promover no pr\u00f3ximo dia 31&hellip;\n","protected":false},"author":2,"featured_media":131312,"comment_status":"","ping_status":"","sticky":false,"template":"","format":"standard","meta":{"footnotes":""},"categories":[144],"tags":[207,205,206,203,201,202,204,114,115,32,33],"class_list":{"0":"post-131311","1":"post","2":"type-post","3":"status-publish","4":"format-standard","5":"has-post-thumbnail","7":"category-arte-e-design","8":"tag-arte","9":"tag-arte-e-design","10":"tag-artedesign","11":"tag-arts","12":"tag-arts-and-design","13":"tag-artsanddesign","14":"tag-design","15":"tag-entertainment","16":"tag-entretenimento","17":"tag-portugal","18":"tag-pt"},"share_on_mastodon":{"url":"https:\/\/pubeurope.com\/@pt\/115458052093567831","error":""},"_links":{"self":[{"href":"https:\/\/www.europesays.com\/pt\/wp-json\/wp\/v2\/posts\/131311","targetHints":{"allow":["GET"]}}],"collection":[{"href":"https:\/\/www.europesays.com\/pt\/wp-json\/wp\/v2\/posts"}],"about":[{"href":"https:\/\/www.europesays.com\/pt\/wp-json\/wp\/v2\/types\/post"}],"author":[{"embeddable":true,"href":"https:\/\/www.europesays.com\/pt\/wp-json\/wp\/v2\/users\/2"}],"replies":[{"embeddable":true,"href":"https:\/\/www.europesays.com\/pt\/wp-json\/wp\/v2\/comments?post=131311"}],"version-history":[{"count":0,"href":"https:\/\/www.europesays.com\/pt\/wp-json\/wp\/v2\/posts\/131311\/revisions"}],"wp:featuredmedia":[{"embeddable":true,"href":"https:\/\/www.europesays.com\/pt\/wp-json\/wp\/v2\/media\/131312"}],"wp:attachment":[{"href":"https:\/\/www.europesays.com\/pt\/wp-json\/wp\/v2\/media?parent=131311"}],"wp:term":[{"taxonomy":"category","embeddable":true,"href":"https:\/\/www.europesays.com\/pt\/wp-json\/wp\/v2\/categories?post=131311"},{"taxonomy":"post_tag","embeddable":true,"href":"https:\/\/www.europesays.com\/pt\/wp-json\/wp\/v2\/tags?post=131311"}],"curies":[{"name":"wp","href":"https:\/\/api.w.org\/{rel}","templated":true}]}}