{"id":131317,"date":"2025-10-29T15:04:13","date_gmt":"2025-10-29T15:04:13","guid":{"rendered":"https:\/\/www.europesays.com\/pt\/131317\/"},"modified":"2025-10-29T15:04:13","modified_gmt":"2025-10-29T15:04:13","slug":"atencao-benfica-de-bruyne-vai-ser-operado-e-enfrenta-paragem-longa","status":"publish","type":"post","link":"https:\/\/www.europesays.com\/pt\/131317\/","title":{"rendered":"Aten\u00e7\u00e3o, Benfica: De Bruyne vai ser operado e enfrenta paragem longa"},"content":{"rendered":"<p style=\"margin-bottom:11px\">Kevin De Bruyne, jogador do N\u00e1poles, vai parar durante um per\u00edodo que pode atingir os quatro meses, na sequ\u00eancia da opera\u00e7\u00e3o a que vai ser submetido, na quarta-feira, em Antu\u00e9rpia, ao b\u00edceps femoral da coxa direita.<\/p>\n<p>\u00abA opera\u00e7\u00e3o de [Kevin]\u00a0De Bruyne est\u00e1 marcada para amanh\u00e3 [quarta-feira]. Saberemos mais depois da interven\u00e7\u00e3o. Infelizmente, sabemos que ficar\u00e1 afastado entre tr\u00eas e quatro meses. \u00c9 dececionante porque ele tinha-se adaptado muito bem ao nosso plano e estava a fazer uma grande diferen\u00e7a, tamb\u00e9m pela sua experi\u00eancia\u00bb, explicou o coordenador desportivo do N\u00e1poles, Gabriele Oriali.<\/p>\n<p>Desta forma, o internacional belga vai falhar o que resta disputar aos napolitanos na fase regular da Liga dos Campe\u00f5es, que no dia 10 de dezembro visitam o Est\u00e1dio da Luz para defrontar o Benfica.<\/p>\n<p>A les\u00e3o de De Bruyne foi contra\u00edda na convers\u00e3o de um pen\u00e1lti frente ao Inter Mil\u00e3o, no passado s\u00e1bado, num jogo referente \u00e0 oitava jornada da Serie A italiana\u00a0<a href=\"https:\/\/maisfutebol.iol.pt\/italia\/napoles\/italia-napoles-bate-inter-e-e-lider-do-campeonato-italiano\" target=\"_blank\" rel=\"nofollow noopener\">que o N\u00e1poles venceu por 3-1<\/a>.<\/p>\n<p>O internacional belga de 34 anos, recorde-se, j\u00e1 se tinha lesionado na mesma zona do corpo em 2023, quando representava o Manchester City. Nessa ocasi\u00e3o, tamb\u00e9m parou por quatro meses.<\/p>\n","protected":false},"excerpt":{"rendered":"Kevin De Bruyne, jogador do N\u00e1poles, vai parar durante um per\u00edodo que pode atingir os quatro meses, na&hellip;\n","protected":false},"author":2,"featured_media":131318,"comment_status":"","ping_status":"","sticky":false,"template":"","format":"standard","meta":{"footnotes":""},"categories":[87],"tags":[51,135,524,82,13054,2613,7706,1356,46,2100,32,33,47,134],"class_list":{"0":"post-131317","1":"post","2":"type-post","3":"status-publish","4":"format-standard","5":"has-post-thumbnail","7":"category-desporto","8":"tag-benfica","9":"tag-desporto","10":"tag-futebol","11":"tag-internacional","12":"tag-kevin-de-bruyne","13":"tag-lesao","14":"tag-liga-campeoes","15":"tag-mais-futebol","16":"tag-maisfutebol","17":"tag-napoles","18":"tag-portugal","19":"tag-pt","20":"tag-pura-paixao","21":"tag-sports"},"share_on_mastodon":{"url":"https:\/\/pubeurope.com\/@pt\/115458072193259854","error":""},"_links":{"self":[{"href":"https:\/\/www.europesays.com\/pt\/wp-json\/wp\/v2\/posts\/131317","targetHints":{"allow":["GET"]}}],"collection":[{"href":"https:\/\/www.europesays.com\/pt\/wp-json\/wp\/v2\/posts"}],"about":[{"href":"https:\/\/www.europesays.com\/pt\/wp-json\/wp\/v2\/types\/post"}],"author":[{"embeddable":true,"href":"https:\/\/www.europesays.com\/pt\/wp-json\/wp\/v2\/users\/2"}],"replies":[{"embeddable":true,"href":"https:\/\/www.europesays.com\/pt\/wp-json\/wp\/v2\/comments?post=131317"}],"version-history":[{"count":0,"href":"https:\/\/www.europesays.com\/pt\/wp-json\/wp\/v2\/posts\/131317\/revisions"}],"wp:featuredmedia":[{"embeddable":true,"href":"https:\/\/www.europesays.com\/pt\/wp-json\/wp\/v2\/media\/131318"}],"wp:attachment":[{"href":"https:\/\/www.europesays.com\/pt\/wp-json\/wp\/v2\/media?parent=131317"}],"wp:term":[{"taxonomy":"category","embeddable":true,"href":"https:\/\/www.europesays.com\/pt\/wp-json\/wp\/v2\/categories?post=131317"},{"taxonomy":"post_tag","embeddable":true,"href":"https:\/\/www.europesays.com\/pt\/wp-json\/wp\/v2\/tags?post=131317"}],"curies":[{"name":"wp","href":"https:\/\/api.w.org\/{rel}","templated":true}]}}