{"id":131339,"date":"2025-10-29T15:18:07","date_gmt":"2025-10-29T15:18:07","guid":{"rendered":"https:\/\/www.europesays.com\/pt\/131339\/"},"modified":"2025-10-29T15:18:07","modified_gmt":"2025-10-29T15:18:07","slug":"mourinho-faz-algumas-mudancas-os-onzes-provaveis-do-benfica-tondela","status":"publish","type":"post","link":"https:\/\/www.europesays.com\/pt\/131339\/","title":{"rendered":"Mourinho faz algumas mudan\u00e7as: os onzes prov\u00e1veis do Benfica-Tondela"},"content":{"rendered":"<p>O Benfica recebe o Tondela na noite desta quarta-feira, em jogo a contar para os quartos de final da Ta\u00e7a da Liga (20h45).<\/p>\n<p>Para este jogo, que se segue \u00e0 goleada por 5-0 ao Arouca e antecede a visita a Guimar\u00e3es no s\u00e1bado, o treinador do Benfica, Jos\u00e9 Mourinho, antecipou que iria fazer \u00abtr\u00eas ou quatro altera\u00e7\u00f5es\u00bb na equipa e garantiu que Otamendi jogaria.<\/p>\n<p>Nomes como Samuel Soares, Ant\u00f3nio Silva, Leandro Barreiro, Andreas Schjelderup e Franjo Ivanovic s\u00e3o fortes candidatos a voltar ao onze inicial, mas tamb\u00e9m Rafael Obrador poder\u00e1 ter oportunidade. Isto num jogo em que Mourinho procura, pela primeira vez, duas vit\u00f3rias seguidas desde que assumiu o comando t\u00e9cnico do Benfica.<\/p>\n<p>Do lado do Tondela, Ivo Vieira admitiu \u00abalgumas altera\u00e7\u00f5es\u00bb na equipa, porque \u00abh\u00e1 imensos jogadores que trabalham para ter uma oportunidade\u00bb.<\/p>\n<p>Confira, <a href=\"https:\/\/maisfutebol.iol.pt\/fotogaleria\/6901da8bd34ee0c2fed1ca09\/taca-da-liga-os-onzes-provaveis-para-o-benfica-tondela\" target=\"_blank\" rel=\"nofollow noopener\"><strong>na galeria associada<\/strong><\/a>, os onzes prov\u00e1veis para o Benfica-Tondela, <a href=\"https:\/\/maisfutebol.iol.pt\/jogo\/benfica\/tondela\/13826206\" target=\"_blank\" rel=\"nofollow noopener\"><strong>jogo que pode seguir, ao minuto, no Maisfutebol<\/strong><\/a>.<\/p>\n","protected":false},"excerpt":{"rendered":"O Benfica recebe o Tondela na noite desta quarta-feira, em jogo a contar para os quartos de final&hellip;\n","protected":false},"author":2,"featured_media":131340,"comment_status":"","ping_status":"","sticky":false,"template":"","format":"standard","meta":{"footnotes":""},"categories":[87],"tags":[51,29836,135,46,7689,32,33,47,134,5344,29489,8136],"class_list":{"0":"post-131339","1":"post","2":"type-post","3":"status-publish","4":"format-standard","5":"has-post-thumbnail","7":"category-desporto","8":"tag-benfica","9":"tag-benfica-tondela","10":"tag-desporto","11":"tag-maisfutebol","12":"tag-onzes-provaveis","13":"tag-portugal","14":"tag-pt","15":"tag-pura-paixao","16":"tag-sports","17":"tag-taca-da-liga","18":"tag-taca-liga","19":"tag-tondela"},"share_on_mastodon":{"url":"https:\/\/pubeurope.com\/@pt\/115458127052418210","error":""},"_links":{"self":[{"href":"https:\/\/www.europesays.com\/pt\/wp-json\/wp\/v2\/posts\/131339","targetHints":{"allow":["GET"]}}],"collection":[{"href":"https:\/\/www.europesays.com\/pt\/wp-json\/wp\/v2\/posts"}],"about":[{"href":"https:\/\/www.europesays.com\/pt\/wp-json\/wp\/v2\/types\/post"}],"author":[{"embeddable":true,"href":"https:\/\/www.europesays.com\/pt\/wp-json\/wp\/v2\/users\/2"}],"replies":[{"embeddable":true,"href":"https:\/\/www.europesays.com\/pt\/wp-json\/wp\/v2\/comments?post=131339"}],"version-history":[{"count":0,"href":"https:\/\/www.europesays.com\/pt\/wp-json\/wp\/v2\/posts\/131339\/revisions"}],"wp:featuredmedia":[{"embeddable":true,"href":"https:\/\/www.europesays.com\/pt\/wp-json\/wp\/v2\/media\/131340"}],"wp:attachment":[{"href":"https:\/\/www.europesays.com\/pt\/wp-json\/wp\/v2\/media?parent=131339"}],"wp:term":[{"taxonomy":"category","embeddable":true,"href":"https:\/\/www.europesays.com\/pt\/wp-json\/wp\/v2\/categories?post=131339"},{"taxonomy":"post_tag","embeddable":true,"href":"https:\/\/www.europesays.com\/pt\/wp-json\/wp\/v2\/tags?post=131339"}],"curies":[{"name":"wp","href":"https:\/\/api.w.org\/{rel}","templated":true}]}}