{"id":131343,"date":"2025-10-29T15:21:34","date_gmt":"2025-10-29T15:21:34","guid":{"rendered":"https:\/\/www.europesays.com\/pt\/131343\/"},"modified":"2025-10-29T15:21:34","modified_gmt":"2025-10-29T15:21:34","slug":"apple-planeja-lancar-macbook-air-ipad-air-e-ipad-mini-com-telas-reformuladas","status":"publish","type":"post","link":"https:\/\/www.europesays.com\/pt\/131343\/","title":{"rendered":"Apple planeja lan\u00e7ar MacBook Air, iPad Air e iPad Mini com telas reformuladas"},"content":{"rendered":"\n<p class=\" content-text__container theme-color-primary-first-letter\" data-track-category=\"Link no Texto\" data-track-links=\"\"> A <a class=\"\" href=\"https:\/\/oglobo.globo.com\/tudo-sobre\/empresa\/apple\" rel=\"nofollow noopener\" target=\"_blank\">Apple<\/a> est\u00e1 preparando grandes mudan\u00e7as para suas linhas de MacBook Air, iPad mini e iPad Air, com planos de equipar os populares dispositivos com telas de padr\u00e3o mais elevado. A empresa est\u00e1 testando novas vers\u00f5es de cada produto com telas OLED, segundo pessoas com conhecimento do assunto. <\/p>\n<ul class=\"content-unordered-list\">\n<li><strong>Comprou o iPhone 17? <\/strong><a class=\"\" href=\"https:\/\/oglobo.globo.com\/economia\/tecnologia\/noticia\/2025\/10\/23\/comprou-o-iphone-17-veja-como-transferir-as-informacoes-do-modelo-anterior-para-o-novo.ghtml\" rel=\"nofollow noopener\" target=\"_blank\">Veja como transferir as informa\u00e7\u00f5es do modelo anterior para o novo<\/a><\/li>\n<li><strong>iPhone 16 ou iPhone 17:<\/strong> <a class=\"\" href=\"https:\/\/oglobo.globo.com\/economia\/tecnologia\/noticia\/2025\/09\/09\/iphone-16-ou-iphone-17-qual-vale-mais-a-pena-comprar-em-2025.ghtml\" rel=\"nofollow noopener\" target=\"_blank\">Qual vale mais a pena comprar em 2025?<\/a><\/li>\n<\/ul>\n<p class=\" content-text__container \" data-track-category=\"Link no Texto\" data-track-links=\"\"> A tecnologia \u2014 sigla para organic light-emitting diode (diodo org\u00e2nico emissor de luz, em tradu\u00e7\u00e3o livre) \u2014 oferece cores mais vivas e contrastes mais profundos do que as atuais telas LCD. <\/p>\n<p class=\" content-text__container \" data-track-category=\"Link no Texto\" data-track-links=\"\"> O iPad mini provavelmente ser\u00e1 o primeiro dos tr\u00eas a receber a atualiza\u00e7\u00e3o, com um modelo equipado com OLED chegando j\u00e1 no pr\u00f3ximo ano, disseram as fontes, que pediram anonimato porque os produtos ainda n\u00e3o foram anunciados oficialmente. <\/p>\n<p class=\" content-text__container \" data-track-category=\"Link no Texto\" data-track-links=\"\"> A medida faz parte de uma mudan\u00e7a mais ampla para telas OLED e d\u00e1 aos consumidores um novo motivo para atualizar seus dispositivos. Embora as vendas de Macs e iPads estejam projetadas para crescer neste ano, ainda permanecem abaixo dos n\u00edveis registrados em 2021 e 2022, quando a pandemia impulsionou uma onda de compras de computadores. <\/p>\n<p class=\" content-text__container \" data-track-category=\"Link no Texto\" data-track-links=\"\"> A mudan\u00e7a tamb\u00e9m deve trazer pre\u00e7os mais altos. A atualiza\u00e7\u00e3o do iPad mini \u2014 com o codinome J510 \u2014 pode custar at\u00e9 US$ 100 (R$ 537) a mais devido \u00e0 tecnologia de tela mais cara. A Apple tamb\u00e9m testou um novo design de carca\u00e7a para o iPad mini, resistente \u00e0 \u00e1gua, recurso presente nos iPhones mais recentes. <\/p>\n<p class=\" content-text__container \" data-track-category=\"Link no Texto\" data-track-links=\"\"> Como parte dessa iniciativa, a Apple explorou um novo sistema de alto-falantes que utiliza tecnologia relacionada \u00e0 vibra\u00e7\u00e3o. Essa altera\u00e7\u00e3o permite eliminar os orif\u00edcios dos alto-falantes por onde a \u00e1gua poderia entrar. \u00c9 uma abordagem diferente do design resistente \u00e0 \u00e1gua do iPhone, que mant\u00e9m os orif\u00edcios, mas adiciona veda\u00e7\u00f5es e adesivos para evitar danos. <\/p>\n<ul class=\"content-unordered-list\">\n<li><strong>iPhone 17 Pro: <\/strong><a class=\"\" href=\"https:\/\/oglobo.globo.com\/economia\/tecnologia\/noticia\/2025\/10\/20\/iphone-17-pro-veja-recursos-para-quem-quer-fazer-gravacoes-e-fotos-profissionais.ghtml\" rel=\"nofollow noopener\" target=\"_blank\">Veja recursos para quem quer fazer grava\u00e7\u00f5es e fotos profissionais<\/a><\/li>\n<\/ul>\n<p class=\" content-text__container \" data-track-category=\"Link no Texto\" data-track-links=\"\"> O iPad mini foi atualizado pela \u00faltima vez no fim de 2024, com um processador mais r\u00e1pido e suporte para a plataforma Apple Intelligence. <\/p>\n<p class=\" content-text__container \" data-track-category=\"Link no Texto\" data-track-links=\"\"> Os planos de atualiza\u00e7\u00e3o ainda n\u00e3o s\u00e3o definitivos e podem mudar ou ser adiados, como costuma ocorrer durante o processo de desenvolvimento de produtos. O trabalho da Apple em um iPad dobr\u00e1vel de 18 polegadas, por exemplo, teve o lan\u00e7amento adiado para 2029, segundo informou a Bloomberg News na semana passada. <\/p>\n<p class=\" content-text__container \" data-track-category=\"Link no Texto\" data-track-links=\"\"> Um porta-voz da Apple, sediada em Cupertino, na Calif\u00f3rnia, preferiu n\u00e3o comentar. <\/p>\n<p>    iPhone 17 e lan\u00e7amentos da Apple em imagens           <img decoding=\"async\" id=\"image-id-tumb-6e01cbe4-ee74-4f93-aa62-ba9c9c30e433\" alt=\"Ceo da Apple Tim Cooke no lan\u00e7amento dos novos produtos da Apple \u2014 Foto: Nic Coury \/ AFP\" src=\"https:\/\/www.europesays.com\/pt\/wp-content\/uploads\/2025\/09\/112287285-apple-ceo-tim-cooke-speaks-during-apples-awe-dropping-event-at-the-steve-jobs-theater-on.j.png\" loading=\"lazy\" height=\"827\" width=\"1240\" data-posicao=\"1\" role=\"button\" tabindex=\"0\"\/>    <img decoding=\"async\" id=\"image-id-6e01cbe4-ee74-4f93-aa62-ba9c9c30e433\" class=\"gallery-photo\" alt=\"Ceo da Apple Tim Cooke no lan\u00e7amento dos novos produtos da Apple \u2014 Foto: Nic Coury \/ AFP\" src=\"https:\/\/www.europesays.com\/pt\/wp-content\/uploads\/2025\/09\/112287285-apple-ceo-tim-cooke-speaks-during-apples-awe-dropping-event-at-the-steve-jobs-theater-on.j.jpeg\" loading=\"lazy\" height=\"827\" width=\"1240\"\/>  <\/p>\n<p> 1 de 14 <br \/>&#13;Ceo da Apple Tim Cooke no lan\u00e7amento dos novos produtos da Apple \u2014 Foto: Nic Coury \/ AFP <\/p>\n<p>     <img decoding=\"async\" id=\"image-id-tumb-765e0b13-a372-416b-94da-09d60d9eea26\" alt=\"Novos iPhones 17 \u2014 Foto: Reprodu\u00e7\u00e3o\/Apple\" src=\"https:\/\/www.europesays.com\/pt\/wp-content\/uploads\/2025\/09\/imagem-do-whatsapp-de-2025-09-09-a-s-14.32.25-a971cc66.jpg\" loading=\"lazy\" height=\"751\" width=\"1280\" data-posicao=\"2\" role=\"button\" tabindex=\"0\"\/>    <img decoding=\"async\" id=\"image-id-765e0b13-a372-416b-94da-09d60d9eea26\" class=\"gallery-photo\" alt=\"Novos iPhones 17 \u2014 Foto: Reprodu\u00e7\u00e3o\/Apple\" src=\"https:\/\/www.europesays.com\/pt\/wp-content\/uploads\/2025\/09\/1758254291_334_imagem-do-whatsapp-de-2025-09-09-a-s-14.32.25-a971cc66.jpg\" loading=\"lazy\" height=\"751\" width=\"1280\"\/>  <\/p>\n<p> 2 de 14 <br \/>&#13;Novos iPhones 17 \u2014 Foto: Reprodu\u00e7\u00e3o\/Apple <\/p>\n<p>     Pular    <\/p>\n<p> X de 14 <br \/>Publicidade <\/p>\n<p>      <img decoding=\"async\" id=\"image-id-tumb-70f86ae8-0c29-4a72-a4cf-9058bb15a159\" alt=\"Novas c\u00e2meras do iPhone 17 \u2014 Foto: Reprodu\u00e7\u00e3o\/Apple\" src=\"https:\/\/www.europesays.com\/pt\/wp-content\/uploads\/2025\/09\/d1af25e6-59ed-4488-b3a2-6299c19912b4.jpg\" loading=\"lazy\" height=\"719\" width=\"1280\" data-posicao=\"3\" role=\"button\" tabindex=\"0\"\/>    <img decoding=\"async\" id=\"image-id-70f86ae8-0c29-4a72-a4cf-9058bb15a159\" class=\"gallery-photo\" alt=\"Novas c\u00e2meras do iPhone 17 \u2014 Foto: Reprodu\u00e7\u00e3o\/Apple\" src=\"https:\/\/www.europesays.com\/pt\/wp-content\/uploads\/2025\/09\/1758254292_828_d1af25e6-59ed-4488-b3a2-6299c19912b4.jpg\" loading=\"lazy\" height=\"719\" width=\"1280\"\/>  <\/p>\n<p> 3 de 14 <br \/>&#13;Novas c\u00e2meras do iPhone 17 \u2014 Foto: Reprodu\u00e7\u00e3o\/Apple <\/p>\n<p>      <img decoding=\"async\" id=\"image-id-2683222e-0803-4dff-aa27-8dd1bb567bd3\" class=\"gallery-photo\" alt=\"Melhoria no chip gr\u00e1fico do iPhone 17 \u2014 Foto: Reprodu\u00e7\u00e3o\/Apple\" src=\"https:\/\/www.europesays.com\/pt\/wp-content\/uploads\/2025\/09\/f94ed4c5-fc90-45f2-a1e3-57ece0816972.jpg\" loading=\"lazy\" height=\"739\" width=\"1280\"\/>  <\/p>\n<p> 4 de 14 <br \/>&#13;Melhoria no chip gr\u00e1fico do iPhone 17 \u2014 Foto: Reprodu\u00e7\u00e3o\/Apple <\/p>\n<p>     Pular    <\/p>\n<p> X de 14 <br \/>Publicidade <\/p>\n<p>      <img decoding=\"async\" id=\"image-id-05e20f18-3c95-4b67-bbd6-a572b2ed05b8\" class=\"gallery-photo\" alt=\"Cores do novo iPhone Air \u2014 Foto: Reprodu\u00e7\u00e3o\/Apple\" src=\"https:\/\/www.europesays.com\/pt\/wp-content\/uploads\/2025\/09\/a7618e6c-c236-44ac-856c-70330b52961f.jpg\" loading=\"lazy\" height=\"739\" width=\"1280\"\/>  <\/p>\n<p> 5 de 14 <br \/>&#13;Cores do novo iPhone Air \u2014 Foto: Reprodu\u00e7\u00e3o\/Apple <\/p>\n<p>      <img decoding=\"async\" id=\"image-id-ed1e9357-56d3-48ac-95c0-814f7a633095\" class=\"gallery-photo\" alt=\"Espessura do novo iPhone Air \u2014 Foto: Reprodu\u00e7\u00e3o\/Apple\" src=\"https:\/\/www.europesays.com\/pt\/wp-content\/uploads\/2025\/09\/167afc46-6fa4-4f66-836e-a6090dc8e4d9.jpg\" loading=\"lazy\" height=\"722\" width=\"1280\"\/>  <\/p>\n<p> 6 de 14 <br \/>&#13;Espessura do novo iPhone Air \u2014 Foto: Reprodu\u00e7\u00e3o\/Apple <\/p>\n<p>     Pular    <\/p>\n<p> X de 14 <br \/>Publicidade <\/p>\n<p>      <img decoding=\"async\" id=\"image-id-3e7f41d6-0ef9-443c-94b8-da40d61d8046\" class=\"gallery-photo\" alt=\"Novo Apple Watch ter\u00e1 iOS26 com design transl\u00facido \u2014 Foto: Reprodu\u00e7\u00e3o\" src=\"https:\/\/www.europesays.com\/pt\/wp-content\/uploads\/2025\/09\/apple-watch.png\" loading=\"lazy\" height=\"709\" width=\"1262\"\/>  <\/p>\n<p> 7 de 14 <br \/>&#13;Novo Apple Watch ter\u00e1 iOS26 com design transl\u00facido \u2014 Foto: Reprodu\u00e7\u00e3o <\/p>\n<p>      <img decoding=\"async\" id=\"image-id-88bb4c83-0e13-4b56-90e6-1b9a7f6df46a\" class=\"gallery-photo\" alt=\"Novo Apple Watch ter\u00e1 carregamento r\u00e1pido, conex\u00e3o 5G e mais \u2014 Foto: Reprodu\u00e7\u00e3o\/Apple\" src=\"https:\/\/www.europesays.com\/pt\/wp-content\/uploads\/2025\/09\/apple-watch-detalhes.png\" loading=\"lazy\" height=\"708\" width=\"1258\"\/>  <\/p>\n<p> 8 de 14 <br \/>&#13;Novo Apple Watch ter\u00e1 carregamento r\u00e1pido, conex\u00e3o 5G e mais \u2014 Foto: Reprodu\u00e7\u00e3o\/Apple <\/p>\n<p>     Pular    <\/p>\n<p> X de 14 <br \/>Publicidade <\/p>\n<p>      <img decoding=\"async\" id=\"image-id-d5e30ccf-7fc2-473f-a0ab-4525b5f63003\" class=\"gallery-photo\" alt=\"Apresenta\u00e7\u00e3o do novo AirPods traz, pela primeira vez, cena falada em portugu\u00eas. Entenda \u2014 Foto: Reprodu\u00e7\u00e3o\/Apple\" src=\"https:\/\/www.europesays.com\/pt\/wp-content\/uploads\/2025\/09\/traducao-em-tempo-real.png\" loading=\"lazy\" height=\"538\" width=\"965\"\/>  <\/p>\n<p> 9 de 14 <br \/>&#13;Apresenta\u00e7\u00e3o do novo AirPods traz, pela primeira vez, cena falada em portugu\u00eas. Entenda \u2014 Foto: Reprodu\u00e7\u00e3o\/Apple <\/p>\n<p>      <img decoding=\"async\" id=\"image-id-cf9f6ab1-4faf-474d-98bb-5c1834ba3a0d\" class=\"gallery-photo\" alt=\"Tradu\u00e7\u00e3o ao vivo nos novos AirPods Pro \u2014 Foto: Reprodu\u00e7\u00e3o\/Apple\" src=\"https:\/\/www.europesays.com\/pt\/wp-content\/uploads\/2025\/09\/imagem-do-whatsapp-de-2025-09-09-a-s-14.08.05-3a8b4e64.jpg\" loading=\"lazy\" height=\"707\" width=\"1280\"\/>  <\/p>\n<p> 10 de 14 <br \/>&#13;Tradu\u00e7\u00e3o ao vivo nos novos AirPods Pro \u2014 Foto: Reprodu\u00e7\u00e3o\/Apple <\/p>\n<p>     Pular    <\/p>\n<p> X de 14 <br \/>Publicidade <\/p>\n<p>      <img decoding=\"async\" id=\"image-id-347f5448-c6ea-4f84-bca9-7256ed0c306d\" class=\"gallery-photo\" alt=\"Airpods Pro 3 \u2014 Foto: Reprodu\u00e7\u00e3o\/Apple\" src=\"https:\/\/www.europesays.com\/pt\/wp-content\/uploads\/2025\/09\/3ef87db3-8173-4b97-a446-02115d3de3a3.jpg\" loading=\"lazy\" height=\"725\" width=\"1280\"\/>  <\/p>\n<p> 11 de 14 <br \/>&#13;Airpods Pro 3 \u2014 Foto: Reprodu\u00e7\u00e3o\/Apple <\/p>\n<p>      <img decoding=\"async\" id=\"image-id-115654b7-5797-451c-b385-b4b0df1079e9\" class=\"gallery-photo\" alt=\"O CEO da Apple, Tim Cook, exibe os novos iPhone 17 e iPhone 17 Pro \u2014 Foto: Bruno Rosa\" src=\"https:\/\/www.europesays.com\/pt\/wp-content\/uploads\/2025\/09\/tim-cook-apple.png\" loading=\"lazy\" height=\"770\" width=\"1182\"\/>  <\/p>\n<p> 12 de 14 <br \/>&#13;O CEO da Apple, Tim Cook, exibe os novos iPhone 17 e iPhone 17 Pro \u2014 Foto: Bruno Rosa <\/p>\n<p>     Pular    <\/p>\n<p> X de 14 <br \/>Publicidade <\/p>\n<p>      <img decoding=\"async\" id=\"image-id-a9814160-acc7-4ea5-b92d-0a02727541f6\" class=\"gallery-photo\" alt=\"Novo iPhone Air tem tela imersiva grande de 6,5 polegadas \u2014 Foto: Bruno Rosa\" src=\"https:\/\/www.europesays.com\/pt\/wp-content\/uploads\/2025\/09\/novo-iphone-air.jpg\" loading=\"lazy\" height=\"960\" width=\"1280\"\/>  <\/p>\n<p> 13 de 14 <br \/>&#13;Novo iPhone Air tem tela imersiva grande de 6,5 polegadas \u2014 Foto: Bruno Rosa <\/p>\n<p>      <img decoding=\"async\" id=\"image-id-956c05fb-ef7b-4d5c-af8c-07bda9f68eff\" class=\"gallery-photo\" alt=\"Iphone Air \u00e9 t\u00e3o fino e leve que voc\u00ea quase nem sente na m\u00e3o \u2014 Foto: Bruno Rosa\" src=\"https:\/\/www.europesays.com\/pt\/wp-content\/uploads\/2025\/09\/iphne-air-ultrafino.jpg\" loading=\"lazy\" height=\"960\" width=\"1280\"\/>  <\/p>\n<p> 14 de 14 <br \/>&#13;Iphone Air \u00e9 t\u00e3o fino e leve que voc\u00ea quase nem sente na m\u00e3o \u2014 Foto: Bruno Rosa <\/p>\n<p>     Pular    <\/p>\n<p> X de 14 <br \/>Publicidade <\/p>\n<p> Evento de lan\u00e7amento de produtos do ano, chamado \u201cAwe dropping\u201d<\/p>\n<p class=\" content-text__container \" data-track-category=\"Link no Texto\" data-track-links=\"\"> Enquanto o pr\u00f3ximo iPad Air, previsto para a primavera (do hemisf\u00e9rio norte), continuar\u00e1 usando LCD, a Apple est\u00e1 se preparando para migrar o dispositivo para OLED em uma gera\u00e7\u00e3o posterior. O iPad Pro \u2014 atualizado com o chip M5 na semana passada \u2014 recebeu tela OLED em maio de 2024. <\/p>\n<ul class=\"content-unordered-list\">\n<li><strong>Adeus, impressora e scanner: <\/strong><a class=\"\" href=\"https:\/\/oglobo.globo.com\/economia\/tecnologia\/noticia\/2025\/10\/24\/adeus-impressora-e-scanner-seu-celular-ja-digitaliza-edita-e-envia-pdfs-em-segundos-saiba-como.ghtml\" rel=\"nofollow noopener\" target=\"_blank\">Seu celular j\u00e1 digitaliza, edita e envia PDFs em segundos. Saiba como<\/a><\/li>\n<\/ul>\n<p class=\" content-text__container \" data-track-category=\"Link no Texto\" data-track-links=\"\"> O iPad Air ser\u00e1 o \u00faltimo tablet da linha a fazer essa transi\u00e7\u00e3o \u2014 pelo menos por enquanto. A Apple n\u00e3o tem planos ativos de adotar OLED em seu iPad b\u00e1sico. <\/p>\n<p class=\" content-text__container \" data-track-category=\"Link no Texto\" data-track-links=\"\"> Enquanto isso, o <a class=\"\" href=\"https:\/\/oglobo.globo.com\/economia\/tecnologia\/noticia\/2025\/10\/17\/apple-prepara-macbook-pro-de-alto-desempenho-com-tela-sensivel-ao-toque-e-design-com-furo-na-tela-para-a-camera.ghtml\" rel=\"nofollow noopener\" target=\"_blank\">MacBook Pro deve se tornar o primeiro Mac com tela OLED em seu pr\u00f3ximo redesenho<\/a>. A Apple tamb\u00e9m iniciou os trabalhos preliminares em um MacBook Air \u2014 o laptop mais popular da empresa \u2014 que usar\u00e1 a mesma tecnologia. No entanto, essa atualiza\u00e7\u00e3o n\u00e3o deve ocorrer antes de 2028. O chip M5 chegar\u00e1 ao modelo atual do Air, ainda com tela LCD, na primavera de 2026. <\/p>\n<p>       <img decoding=\"async\" class=\"content-media__image\"  src=\"https:\/\/www.europesays.com\/pt\/wp-content\/uploads\/2025\/10\/apple-bloomberg-novidades.jpg\" alt=\"Os modelos atuais do MacBook Air \u2014 Foto: Bloomberg\" width=\"5984\" height=\"3989\" loading=\"lazy\"\/>  Os modelos atuais do MacBook Air \u2014 Foto: Bloomberg       <\/p>\n<p class=\" content-text__container \" data-track-category=\"Link no Texto\" data-track-links=\"\"> A transi\u00e7\u00e3o da ind\u00fastria para o OLED ainda est\u00e1 em seus est\u00e1gios iniciais. A maioria dos tablets e notebooks continua a depender de LCDs, com apenas os modelos de ponta \u2014 como o iPad Pro e o Samsung Galaxy Tab S11 \u2014 utilizando OLED. <\/p>\n<p class=\" content-text__container \" data-track-category=\"Link no Texto\" data-track-links=\"\"> A Apple come\u00e7ou a usar OLED pela primeira vez com o Apple Watch, em 2015. Depois, levou a tecnologia para o iPhone em 2017, com o lan\u00e7amento do iPhone X. <\/p>\n<p class=\" content-text__container \" data-track-category=\"Link no Texto\" data-track-links=\"\"> A empresa deixou de vender seu \u00faltimo iPhone sem OLED no in\u00edcio deste ano, quando substituiu o iPhone SE pelo<a class=\"\" href=\"https:\/\/oglobo.globo.com\/economia\/tecnologia\/noticia\/2025\/02\/19\/apple-lanca-novo-iphone-o-16e-veja-precos-e-novidades.ghtml\" rel=\"nofollow noopener\" target=\"_blank\"> iPhone 16e<\/a>. O headset Vision Pro tamb\u00e9m utiliza uma forma de OLED, conhecida como micro-OLED, em suas telas. <\/p>\n","protected":false},"excerpt":{"rendered":"A Apple est\u00e1 preparando grandes mudan\u00e7as para suas linhas de MacBook Air, iPad mini e iPad Air, com&hellip;\n","protected":false},"author":2,"featured_media":131344,"comment_status":"","ping_status":"","sticky":false,"template":"","format":"standard","meta":{"footnotes":""},"categories":[84],"tags":[247,109,107,108,92,581,319,582,32,33,105,103,104,106,110],"class_list":{"0":"post-131343","1":"post","2":"type-post","3":"status-publish","4":"format-standard","5":"has-post-thumbnail","7":"category-ciencia-e-tecnologia","8":"tag-apple","9":"tag-ciencia","10":"tag-ciencia-e-tecnologia","11":"tag-cienciaetecnologia","12":"tag-donald-trump","13":"tag-ex-presidente-dos-eua-pelo-partido-republicano-concorreu-a-reeleicao-em-2020","14":"tag-hard-news","15":"tag-mas-foi-derrotado-por-joe-biden","16":"tag-portugal","17":"tag-pt","18":"tag-science","19":"tag-science-and-technology","20":"tag-scienceandtechnology","21":"tag-technology","22":"tag-tecnologia"},"share_on_mastodon":{"url":"https:\/\/pubeurope.com\/@pt\/115458138936184079","error":""},"_links":{"self":[{"href":"https:\/\/www.europesays.com\/pt\/wp-json\/wp\/v2\/posts\/131343","targetHints":{"allow":["GET"]}}],"collection":[{"href":"https:\/\/www.europesays.com\/pt\/wp-json\/wp\/v2\/posts"}],"about":[{"href":"https:\/\/www.europesays.com\/pt\/wp-json\/wp\/v2\/types\/post"}],"author":[{"embeddable":true,"href":"https:\/\/www.europesays.com\/pt\/wp-json\/wp\/v2\/users\/2"}],"replies":[{"embeddable":true,"href":"https:\/\/www.europesays.com\/pt\/wp-json\/wp\/v2\/comments?post=131343"}],"version-history":[{"count":0,"href":"https:\/\/www.europesays.com\/pt\/wp-json\/wp\/v2\/posts\/131343\/revisions"}],"wp:featuredmedia":[{"embeddable":true,"href":"https:\/\/www.europesays.com\/pt\/wp-json\/wp\/v2\/media\/131344"}],"wp:attachment":[{"href":"https:\/\/www.europesays.com\/pt\/wp-json\/wp\/v2\/media?parent=131343"}],"wp:term":[{"taxonomy":"category","embeddable":true,"href":"https:\/\/www.europesays.com\/pt\/wp-json\/wp\/v2\/categories?post=131343"},{"taxonomy":"post_tag","embeddable":true,"href":"https:\/\/www.europesays.com\/pt\/wp-json\/wp\/v2\/tags?post=131343"}],"curies":[{"name":"wp","href":"https:\/\/api.w.org\/{rel}","templated":true}]}}