{"id":131360,"date":"2025-10-29T15:33:25","date_gmt":"2025-10-29T15:33:25","guid":{"rendered":"https:\/\/www.europesays.com\/pt\/131360\/"},"modified":"2025-10-29T15:33:25","modified_gmt":"2025-10-29T15:33:25","slug":"novembro-azul-reforca-importancia-do-cuidado-com-a-saude-integral-do-homem-e-alerta-para-impactos-na-fertilidade","status":"publish","type":"post","link":"https:\/\/www.europesays.com\/pt\/131360\/","title":{"rendered":"NOVEMBRO AZUL REFOR\u00c7A IMPORT\u00c2NCIA DO CUIDADO COM A SA\u00daDE INTEGRAL DO HOMEM E ALERTA PARA IMPACTOS NA FERTILIDADE"},"content":{"rendered":"<p>Cuidar da sa\u00fade ainda \u00e9 um tabu para muitos homens. Pesquisas mostram que eles procuram menos os servi\u00e7os de sa\u00fade do que as mulheres e, muitas vezes, s\u00f3 v\u00e3o ao m\u00e9dico quando j\u00e1 apresentam sintomas. Esse comportamento contribui para diagn\u00f3sticos tardios de diversas doen\u00e7as e refor\u00e7a a necessidade de ampliar o di\u00e1logo sobre autocuidado, preven\u00e7\u00e3o e qualidade de vida. \u00c9 nesse contexto que, todos os anos, o m\u00eas de novembro ganha um tom especial com a campanha Novembro Azul, dedicada \u00e0 conscientiza\u00e7\u00e3o sobre a sa\u00fade do homem, com foco especial na preven\u00e7\u00e3o e no diagn\u00f3stico precoce do c\u00e2ncer de pr\u00f3stata. Criada na Austr\u00e1lia em 2003 e difundida em todo o mundo, a iniciativa busca estimular h\u00e1bitos de cuidado cont\u00ednuo e derrubar barreiras culturais que ainda afastam os homens do consult\u00f3rio m\u00e9dico.<\/p>\n<p>De acordo com o Instituto Nacional de C\u00e2ncer (INCA), o c\u00e2ncer de pr\u00f3stata \u00e9 o mais incidente entre os homens no Brasil, excluindo os tumores de pele n\u00e3o melanoma, com uma taxa de 67,86 diagn\u00f3sticos a cada 100 mil homens. Estima-se que, somente em 2025, mais de 72 mil novos casos sejam registrados no pa\u00eds, o que refor\u00e7a a urg\u00eancia da conscientiza\u00e7\u00e3o e da preven\u00e7\u00e3o. Embora o foco principal da campanha esteja no diagn\u00f3stico precoce, especialistas defendem que o debate precisa ser ampliado para incluir tamb\u00e9m a sa\u00fade reprodutiva masculina. Isso porque tanto a doen\u00e7a quanto os tratamentos utilizados, como cirurgia, quimioterapia e radioterapia, podem comprometer a fertilidade.<\/p>\n<p>A quimioterapia e a radioterapia, por exemplo, podem afetar a produ\u00e7\u00e3o de espermatozoides ou causar danos ao DNA esperm\u00e1tico, reduzindo as chances de concep\u00e7\u00e3o natural. J\u00e1 a cirurgia de remo\u00e7\u00e3o da pr\u00f3stata pode provocar altera\u00e7\u00f5es na ejacula\u00e7\u00e3o. Nesse cen\u00e1rio, uma alternativa essencial \u00e9 o congelamento de espermatozoides antes do in\u00edcio do tratamento oncol\u00f3gico. \u201cA criopreserva\u00e7\u00e3o \u00e9 uma estrat\u00e9gia fundamental para homens que precisam iniciar tratamentos contra o c\u00e2ncer. Ao congelar os espermatozoides antes da quimioterapia ou radioterapia, eles preservam a chance de realizar o sonho da paternidade no futuro, sem comprometer a efic\u00e1cia do tratamento\u201d, destaca a m\u00e9dica especialista em reprodu\u00e7\u00e3o assistida do IVI Salvador, Dra. Graziele Reis.<\/p>\n<p>Com o congelamento de s\u00eamen, o paciente pode priorizar o tratamento oncol\u00f3gico e sua recupera\u00e7\u00e3o, com a seguran\u00e7a de que ter\u00e1 preservado seu potencial reprodutivo. O s\u00eamen congelado mant\u00e9m as caracter\u00edsticas do momento da criopreserva\u00e7\u00e3o, podendo ser utilizado anos depois sem perda de qualidade. Em relacionamentos heteroafetivos, o material pode ser utilizado em t\u00e9cnicas como a inje\u00e7\u00e3o intracitoplasm\u00e1tica de espermatozoides (ICSI) ou Fertiliza\u00e7\u00e3o In Vitro. J\u00e1 em uni\u00f5es homoafetivas, o s\u00eamen pode ser utilizado em conjunto com \u00f3vulo doado e barriga solid\u00e1ria, respeitando todas as normas do Conselho Federal de Medicina.<\/p>\n<p>O Novembro Azul, portanto, ultrapassa o debate sobre o c\u00e2ncer de pr\u00f3stata: \u00e9 tamb\u00e9m um convite para que os homens cuidem de sua sa\u00fade integral, incluindo a sa\u00fade sexual e reprodutiva, com acompanhamento m\u00e9dico regular e atitudes preventivas. Quebrar tabus, buscar informa\u00e7\u00e3o e agir a tempo pode salvar vidas e preservar.<\/p>\n<p>\u00a0<\/p>\n<p>Sobre o IVI \u2013 RMANJ<\/p>\n<p>IVI nasceu em 1990 como a primeira institui\u00e7\u00e3o m\u00e9dica na Espanha especializada inteiramente em reprodu\u00e7\u00e3o humana. Atualmente s\u00e3o em torno de 190 cl\u00ednicas em 15 pa\u00edses e 7 centros de pesquisa em todo o mundo, sendo l\u00edder em Medicina Reprodutiva e o maior grupo de reprodu\u00e7\u00e3o humana do mundo.<\/p>\n","protected":false},"excerpt":{"rendered":"Cuidar da sa\u00fade ainda \u00e9 um tabu para muitos homens. Pesquisas mostram que eles procuram menos os servi\u00e7os&hellip;\n","protected":false},"author":2,"featured_media":131361,"comment_status":"","ping_status":"","sticky":false,"template":"","format":"standard","meta":{"footnotes":""},"categories":[86],"tags":[726,116,32,33,117],"class_list":{"0":"post-131360","1":"post","2":"type-post","3":"status-publish","4":"format-standard","5":"has-post-thumbnail","7":"category-saude","8":"tag-brasil","9":"tag-health","10":"tag-portugal","11":"tag-pt","12":"tag-saude"},"share_on_mastodon":{"url":"https:\/\/pubeurope.com\/@pt\/115458185788001268","error":""},"_links":{"self":[{"href":"https:\/\/www.europesays.com\/pt\/wp-json\/wp\/v2\/posts\/131360","targetHints":{"allow":["GET"]}}],"collection":[{"href":"https:\/\/www.europesays.com\/pt\/wp-json\/wp\/v2\/posts"}],"about":[{"href":"https:\/\/www.europesays.com\/pt\/wp-json\/wp\/v2\/types\/post"}],"author":[{"embeddable":true,"href":"https:\/\/www.europesays.com\/pt\/wp-json\/wp\/v2\/users\/2"}],"replies":[{"embeddable":true,"href":"https:\/\/www.europesays.com\/pt\/wp-json\/wp\/v2\/comments?post=131360"}],"version-history":[{"count":0,"href":"https:\/\/www.europesays.com\/pt\/wp-json\/wp\/v2\/posts\/131360\/revisions"}],"wp:featuredmedia":[{"embeddable":true,"href":"https:\/\/www.europesays.com\/pt\/wp-json\/wp\/v2\/media\/131361"}],"wp:attachment":[{"href":"https:\/\/www.europesays.com\/pt\/wp-json\/wp\/v2\/media?parent=131360"}],"wp:term":[{"taxonomy":"category","embeddable":true,"href":"https:\/\/www.europesays.com\/pt\/wp-json\/wp\/v2\/categories?post=131360"},{"taxonomy":"post_tag","embeddable":true,"href":"https:\/\/www.europesays.com\/pt\/wp-json\/wp\/v2\/tags?post=131360"}],"curies":[{"name":"wp","href":"https:\/\/api.w.org\/{rel}","templated":true}]}}