{"id":131362,"date":"2025-10-29T15:35:11","date_gmt":"2025-10-29T15:35:11","guid":{"rendered":"https:\/\/www.europesays.com\/pt\/131362\/"},"modified":"2025-10-29T15:35:11","modified_gmt":"2025-10-29T15:35:11","slug":"atualizacao-do-windows-11-promete-resolver-a-tela-azul-entenda","status":"publish","type":"post","link":"https:\/\/www.europesays.com\/pt\/131362\/","title":{"rendered":"Atualiza\u00e7\u00e3o do Windows 11 promete resolver a Tela Azul; entenda"},"content":{"rendered":"<p>                            <img width=\"944\" height=\"531\" src=\"https:\/\/www.europesays.com\/pt\/wp-content\/uploads\/2025\/10\/Padrao-fotos-NSC-6-6-944x531.jpg\" class=\"attachment-custom-large size-custom-large article-featured-image\" alt=\"\" fetchpriority=\"high\" decoding=\"async\"  \/><\/p>\n<p>Microsoft testa recurso que busca resolver falhas que causam a &#8220;Tela Azul da morte&#8221;. Foto: banco de imagens<\/p>\n<p>A atualiza\u00e7\u00e3o mais recente do Windows apresentou algumas novidades. Mas uma em especial chamou a aten\u00e7\u00e3o: a Microsoft est\u00e1 lan\u00e7ando um recurso que busca prevenir e diagnosticar a famosa \u201ctela azul da morte\u201d, que agora, com a nova vers\u00e3o do sistema operacional, frequentemente aparecer\u00e1 na cor preta.<\/p>\n<p>Continua depois da publicidade<\/p>\n<p>A Microsoft est\u00e1 testando um novo recurso no Windows 11 focado na confiabilidade do sistema e na sa\u00fade do hardware, especificamente da mem\u00f3ria RAM. O principal objetivo \u00e9 diagnosticar e diminuir problemas de mem\u00f3ria que s\u00e3o, muitas vezes, as causas de travamentos e reinicializa\u00e7\u00f5es inesperadas e, consequentemente, o surgimento da chamada tela da morte.<\/p>\n<p>A a\u00e7\u00e3o p\u00f3s-erro<\/p>\n<p>O novo recurso do Windows 11 atua ap\u00f3s a ocorr\u00eancia da temida \u201cTela Azul da Morte\u201d (ou Tela Preta no na vers\u00e3o recente), que \u00e9 acionada por um erro cr\u00edtico do sistema (bug check). Ao inv\u00e9s de deixar o usu\u00e1rio sem um diagn\u00f3stico claro, o sistema agora busca ativamente a causa mais comum de falhas: problemas na mem\u00f3ria RAM. Ap\u00f3s a reinicializa\u00e7\u00e3o inesperada, o usu\u00e1rio receber\u00e1 uma\u00a0notifica\u00e7\u00e3o de diagn\u00f3stico\u00a0no momento do login, perguntando se deseja executar uma varredura de mem\u00f3ria para encontrar e corrigir problemas.<\/p>\n<p>1<\/p>\n<p>VoltarAvan\u00e7ar<\/p>\n<p><img loading=\"lazy\" decoding=\"async\" width=\"1200\" height=\"675\" data-id=\"7706127\" src=\"https:\/\/www.europesays.com\/pt\/wp-content\/uploads\/2025\/10\/Padrao-fotos-NSC-8-2.jpg\" alt=\"\" class=\"wp-image-7706127\"  \/><\/p>\n<p>Tela Azul aparece sempre que um erro cr\u00edtico no sistema for\u00e7a uma reinicializa\u00e7\u00e3o do PC. Foto: Microsoft\/Divulga\u00e7\u00e3o<\/p>\n<p><img loading=\"lazy\" decoding=\"async\" width=\"1200\" height=\"675\" data-id=\"7706125\" src=\"https:\/\/www.europesays.com\/pt\/wp-content\/uploads\/2025\/10\/Padrao-fotos-NSC-9-1.jpg\" alt=\"\" class=\"wp-image-7706125\"  \/><\/p>\n<p>Tela da morte agora aparece na cor preta no Windows 11. Foto: Microsoft\/Divulga\u00e7\u00e3o<\/p>\n<p><img loading=\"lazy\" decoding=\"async\" width=\"1200\" height=\"675\" data-id=\"7706128\" src=\"https:\/\/www.europesays.com\/pt\/wp-content\/uploads\/2025\/10\/Padrao-fotos-NSC-10-1.jpg\" alt=\"\" class=\"wp-image-7706128\"  \/><\/p>\n<p>Problemas de hardware e na Mem\u00f3ria RAM s\u00e3o os maiores causadores da tela da morte. Foto: banco de imagens<\/p>\n<p><img loading=\"lazy\" decoding=\"async\" width=\"1200\" height=\"675\" data-id=\"7706126\" src=\"https:\/\/www.europesays.com\/pt\/wp-content\/uploads\/2025\/10\/Padrao-fotos-NSC-7-3.jpg\" alt=\"\" class=\"wp-image-7706126\"  \/><\/p>\n<p>Novo recurso tem como objetivo diagnosticar e resolver a causa do problema, evitando ou reduzindo a frustra\u00e7\u00e3o dos usu\u00e1rios. Foto: banco de imagens<\/p>\n<p>Ao aceitar, o sistema agendar\u00e1 o\u00a0Diagn\u00f3stico de Mem\u00f3ria do Windows\u00a0para rodar na pr\u00f3xima reinicializa\u00e7\u00e3o (um processo que leva\u00a0cerca de 5 minutos). Este procedimento verifica a integridade dos m\u00f3dulos de mem\u00f3ria instalados. Se for detectado um problema na RAM e o sistema conseguir\u00a0resolver, o usu\u00e1rio ser\u00e1 notificado ap\u00f3s o novo login.<\/p>\n<p><strong>Leia mais: <a href=\"https:\/\/www.nsctotal.com.br\/noticias\/saiba-como-maximizar-a-seguranca-do-seu-smartphone\" rel=\"nofollow noopener\" target=\"_blank\">Saiba como maximizar a seguran\u00e7a do seu smartphone<\/a><\/strong><\/p>\n<p>Continua depois da publicidade<\/p>\n<p>Essa abordagem transforma a Tela Azul em uma\u00a0etapa de solu\u00e7\u00e3o de problemas acion\u00e1vel\u00a0e proativa, melhorando a confiabilidade geral do PC ao permitir que falhas de hardware sejam diagnosticadas e corrigidas antes que causem travamentos repetitivos e perda de dados.<\/p>\n<p>O novo fluxo de solu\u00e7\u00e3o do Windows 11<\/p>\n<ul class=\"wp-block-list\">\n<li><strong>P\u00f3s-erro imediato:<\/strong>\u00a0ap\u00f3s um evento de travamento (BSOD) e a reinicializa\u00e7\u00e3o inesperada do sistema, o Windows 11 exibir\u00e1 uma\u00a0notifica\u00e7\u00e3o de diagn\u00f3stico\u00a0assim que o usu\u00e1rio fizer login novamente.<\/li>\n<li><strong>Convite ao diagn\u00f3stico<\/strong>:\u00a0essa notifica\u00e7\u00e3o perguntar\u00e1 ao usu\u00e1rio se ele deseja executar uma\u00a0verifica\u00e7\u00e3o r\u00e1pida de mem\u00f3ria\u00a0para identificar a origem do problema.<\/li>\n<li><strong>Execu\u00e7\u00e3o do scan:<\/strong>\u00a0se o usu\u00e1rio concordar, o sistema vai agendar o\u00a0Diagn\u00f3stico de Mem\u00f3ria do Windows\u00a0para rodar na pr\u00f3xima reinicializa\u00e7\u00e3o, um processo r\u00e1pido que leva, em m\u00e9dia,\u00a0cerca de 5 minutos.<\/li>\n<li><strong>O foco:<\/strong>\u00a0o principal objetivo \u00e9 inspecionar a integridade da mem\u00f3ria RAM, que \u00e9 uma das causas mais frequentes de erros cr\u00edticos (bug checks) e da Tela Azul\/Preta.<\/li>\n<li><strong>Feedback:<\/strong>\u00a0se o diagn\u00f3stico encontrar e corrigir um problema de mem\u00f3ria, uma nova notifica\u00e7\u00e3o ser\u00e1 exibida ao usu\u00e1rio ap\u00f3s o login, informando que a falha foi corrigida.<\/li>\n<\/ul>\n<p>Esta nova funcionalidade transforma o erro passivo em uma\u00a0oportunidade de diagn\u00f3stico proativo, orientando o usu\u00e1rio para a solu\u00e7\u00e3o de problemas de hardware e aumentando a estabilidade geral do sistema.<\/p>\n<p>Usu\u00e1rios mais tranquilos<\/p>\n<p>Embora a Tela da Morte n\u00e3o desapare\u00e7a totalmente,\u00a0a nova abordagem da Microsoft representa um salto significativo na\u00a0confiabilidade e usabilidade\u00a0do sistema. Ao automatizar a triagem de falhas de hardware \u2014 especialmente problemas de mem\u00f3ria RAM \u2014 e oferecer ao usu\u00e1rio um caminho de diagn\u00f3stico claro e r\u00e1pido, o Windows 11 est\u00e1 mudando o erro cr\u00edtico de um beco sem sa\u00edda para uma\u00a0etapa de manuten\u00e7\u00e3o simples.<\/p>\n<p>Continua depois da publicidade<\/p>\n<p>Essa funcionalidade n\u00e3o apenas poupa o usu\u00e1rio da frustra\u00e7\u00e3o, como tamb\u00e9m incentiva a resolu\u00e7\u00e3o proativa de problemas, contribuindo para um ecossistema de PC mais\u00a0est\u00e1vel.<\/p>\n<p>Leia tamb\u00e9m<\/p>\n<p><strong><a href=\"https:\/\/www.nsctotal.com.br\/noticias\/whatsapp-testa-novo-recurso-para-reduzir-mensagens-de-spam-entenda\" rel=\"nofollow noopener\" target=\"_blank\">WhatsApp testa novo recurso para reduzir mensagens de spam; entenda<\/a><\/strong><\/p>\n<p><strong><a href=\"https:\/\/www.nsctotal.com.br\/noticias\/o-que-aconteceria-se-uma-supertempestade-solar-atingisse-a-terra\" rel=\"nofollow noopener\" target=\"_blank\">O que aconteceria se uma supertempestade solar atingisse a Terra<\/a><\/strong><\/p>\n","protected":false},"excerpt":{"rendered":"Microsoft testa recurso que busca resolver falhas que causam a &#8220;Tela Azul da morte&#8221;. Foto: banco de imagens&hellip;\n","protected":false},"author":2,"featured_media":131363,"comment_status":"","ping_status":"","sticky":false,"template":"","format":"standard","meta":{"footnotes":""},"categories":[84],"tags":[109,107,108,829,32,33,105,103,104,106,110],"class_list":{"0":"post-131362","1":"post","2":"type-post","3":"status-publish","4":"format-standard","5":"has-post-thumbnail","7":"category-ciencia-e-tecnologia","8":"tag-ciencia","9":"tag-ciencia-e-tecnologia","10":"tag-cienciaetecnologia","11":"tag-conteudo-liberado","12":"tag-portugal","13":"tag-pt","14":"tag-science","15":"tag-science-and-technology","16":"tag-scienceandtechnology","17":"tag-technology","18":"tag-tecnologia"},"share_on_mastodon":{"url":"https:\/\/pubeurope.com\/@pt\/115458193939069693","error":""},"_links":{"self":[{"href":"https:\/\/www.europesays.com\/pt\/wp-json\/wp\/v2\/posts\/131362","targetHints":{"allow":["GET"]}}],"collection":[{"href":"https:\/\/www.europesays.com\/pt\/wp-json\/wp\/v2\/posts"}],"about":[{"href":"https:\/\/www.europesays.com\/pt\/wp-json\/wp\/v2\/types\/post"}],"author":[{"embeddable":true,"href":"https:\/\/www.europesays.com\/pt\/wp-json\/wp\/v2\/users\/2"}],"replies":[{"embeddable":true,"href":"https:\/\/www.europesays.com\/pt\/wp-json\/wp\/v2\/comments?post=131362"}],"version-history":[{"count":0,"href":"https:\/\/www.europesays.com\/pt\/wp-json\/wp\/v2\/posts\/131362\/revisions"}],"wp:featuredmedia":[{"embeddable":true,"href":"https:\/\/www.europesays.com\/pt\/wp-json\/wp\/v2\/media\/131363"}],"wp:attachment":[{"href":"https:\/\/www.europesays.com\/pt\/wp-json\/wp\/v2\/media?parent=131362"}],"wp:term":[{"taxonomy":"category","embeddable":true,"href":"https:\/\/www.europesays.com\/pt\/wp-json\/wp\/v2\/categories?post=131362"},{"taxonomy":"post_tag","embeddable":true,"href":"https:\/\/www.europesays.com\/pt\/wp-json\/wp\/v2\/tags?post=131362"}],"curies":[{"name":"wp","href":"https:\/\/api.w.org\/{rel}","templated":true}]}}