{"id":131366,"date":"2025-10-29T15:39:08","date_gmt":"2025-10-29T15:39:08","guid":{"rendered":"https:\/\/www.europesays.com\/pt\/131366\/"},"modified":"2025-10-29T15:39:08","modified_gmt":"2025-10-29T15:39:08","slug":"governo-promete-aumentar-subsidio-de-refeicao-na-funcao-publica-mas-so-em-2027-funcao-publica","status":"publish","type":"post","link":"https:\/\/www.europesays.com\/pt\/131366\/","title":{"rendered":"Governo promete aumentar subs\u00eddio de refei\u00e7\u00e3o na fun\u00e7\u00e3o p\u00fablica, mas s\u00f3 em 2027 | Fun\u00e7\u00e3o P\u00fablica"},"content":{"rendered":"<p>O Governo mant\u00e9m a sua proposta de aumento dos sal\u00e1rios da fun\u00e7\u00e3o p\u00fablica para 2026 e apenas prometeu aumentar o subs\u00eddio de refei\u00e7\u00e3o em 10 c\u00eantimos a partir de 2027, de modo a atingir 6,30 euros em 2029. A inten\u00e7\u00e3o foi divulgada nesta quarta-feira, 29 de Outubro, pelos dirigentes sindicais, \u00e0 sa\u00edda das reuni\u00f5es com a secret\u00e1ria de Estado da Administra\u00e7\u00e3o P\u00fablica, Marisa Garrido, e fica muito aqu\u00e9m das suas exig\u00eancias.<\/p>\n<p>&#8220;O que o Governo prop\u00f5e [&#8230;] \u00e9 um aumento do subs\u00eddio de refei\u00e7\u00e3o perfeitamente miser\u00e1vel&#8221;, disse Sebasti\u00e3o Santana, coordenador da Frente Comum, acrescentando que em cima da mesa est\u00e1 um aumento de 10 c\u00eantimos por ano, para chegar a 6,30 euros em 2029.<\/p>\n<p>O Governo &#8220;sentou-se hoje \u00e0 mesa com mais uma m\u00e3o cheia de coisa nenhuma&#8221;, reiterou \u00e0 Lusa, referindo que h\u00e1 mais reuni\u00f5es agendadas, mas antecipando que a marcha nacional convocada pela CGTP para 8 de Novembro ser\u00e1 &#8220;determinante&#8221; para real\u00e7ar a &#8220;luta dos trabalhadores&#8221; perante aquilo que classifica como uma &#8220;pol\u00edtica que n\u00e3o serve ningu\u00e9m&#8221;.<\/p>\n<p>Tamb\u00e9m Jos\u00e9 Abra\u00e3o, dirigente da Federa\u00e7\u00e3o de Sindicatos da Administra\u00e7\u00e3o P\u00fablica (Fesap), saiu da reuni\u00e3o desagradado com a proposta: \u201cN\u00e3o pode ser s\u00f3 em 2027, 2028 e 2029 e muito menos 10 c\u00eantimos, que n\u00e3o d\u00e3o sequer para comprar um p\u00e3o.\u201d<\/p>\n<p>\u201cEsta proposta \u00e9 incompreens\u00edvel, na medida em que nem sequer se rep\u00f5e a infla\u00e7\u00e3o que o Governo prev\u00ea. Se n\u00e3o houver aumento do subs\u00eddio de refei\u00e7\u00e3o em 2026, a Fesap vai para a luta\u201d, avisa.<\/p>\n<p>A \u00faltima vez que o subs\u00eddio de refei\u00e7\u00e3o dos trabalhadores da administra\u00e7\u00e3o p\u00fablica teve um aumento foi em 2023, no Governo de Ant\u00f3nio Costa, tendo subido para 6 euros. E agora os sindicatos exigem aumentos entre 4 (para 10 euros) e 6 euros (para 12 euros) j\u00e1 em 2026.<\/p>\n<p>De acordo com o testemunho dos dois dirigentes sindicais, esta foi a \u00fanica novidade face \u00e0 proposta de adenda ao acordo plurianual que est\u00e1 em vigor.<\/p>\n<p>O acordo assinado em 2024 com a Fesap e com o Sindicato dos Quadros T\u00e9cnicos do Estado prev\u00ea aumentos de 2,15%, com um m\u00ednimo de 56,58 euros, no pr\u00f3ximo ano. A subida passa para 60,52 euros ou 2,3% em 2027 e 2028.<\/p>\n<p>Na primeira ronda negocial, o <a href=\"https:\/\/www.publico.pt\/2025\/09\/26\/economia\/noticia\/governo-propoe-aumento-anual-6052-euros-ate-2029-funcao-publica-2148632\" rel=\"nofollow noopener\" target=\"_blank\">Governo prop\u00f4s o alargamento deste acordo para 2029<\/a> (que coincide com o final desta legislatura), com a mesma dimens\u00e3o de aumentos de 60,52 euros ou 2,3%.<\/p>\n<p>Jos\u00e9 Abra\u00e3o, que subscreveu o acordo, garante que a secret\u00e1ria de Estado mostrou disponibilidade para fazer uma adenda ou at\u00e9 um novo acordo onde incluir\u00e1 a revis\u00e3o das carreiras do IPMA (Instituto Portugu\u00eas do Mar e da Atmosfera) e do tempo de trabalho dos trabalhadores dos museus.<\/p>\n<p>A pr\u00f3xima reuni\u00e3o est\u00e1 marcada para 12 de Novembro.<\/p>\n","protected":false},"excerpt":{"rendered":"O Governo mant\u00e9m a sua proposta de aumento dos sal\u00e1rios da fun\u00e7\u00e3o p\u00fablica para 2026 e apenas prometeu&hellip;\n","protected":false},"author":2,"featured_media":131367,"comment_status":"","ping_status":"","sticky":false,"template":"","format":"standard","meta":{"footnotes":""},"categories":[10],"tags":[24643,27,28,476,353,618,15,16,22067,14,25,26,21,22,4468,12,13,19,20,32,23,24,33,2393,17,18,29,30,31],"class_list":{"0":"post-131366","1":"post","2":"type-post","3":"status-publish","4":"format-standard","5":"has-post-thumbnail","7":"category-portugal","8":"tag-administracao-publica","9":"tag-breaking-news","10":"tag-breakingnews","11":"tag-economia","12":"tag-em-destaque","13":"tag-emprego","14":"tag-featured-news","15":"tag-featurednews","16":"tag-funcao-publica","17":"tag-headlines","18":"tag-latest-news","19":"tag-latestnews","20":"tag-main-news","21":"tag-mainnews","22":"tag-ministerio-das-financas","23":"tag-news","24":"tag-noticias","25":"tag-noticias-principais","26":"tag-noticiasprincipais","27":"tag-portugal","28":"tag-principais-noticias","29":"tag-principaisnoticias","30":"tag-pt","31":"tag-sindicatos","32":"tag-top-stories","33":"tag-topstories","34":"tag-ultimas","35":"tag-ultimas-noticias","36":"tag-ultimasnoticias"},"share_on_mastodon":{"url":"","error":"Validation failed: Text character limit of 500 exceeded"},"_links":{"self":[{"href":"https:\/\/www.europesays.com\/pt\/wp-json\/wp\/v2\/posts\/131366","targetHints":{"allow":["GET"]}}],"collection":[{"href":"https:\/\/www.europesays.com\/pt\/wp-json\/wp\/v2\/posts"}],"about":[{"href":"https:\/\/www.europesays.com\/pt\/wp-json\/wp\/v2\/types\/post"}],"author":[{"embeddable":true,"href":"https:\/\/www.europesays.com\/pt\/wp-json\/wp\/v2\/users\/2"}],"replies":[{"embeddable":true,"href":"https:\/\/www.europesays.com\/pt\/wp-json\/wp\/v2\/comments?post=131366"}],"version-history":[{"count":0,"href":"https:\/\/www.europesays.com\/pt\/wp-json\/wp\/v2\/posts\/131366\/revisions"}],"wp:featuredmedia":[{"embeddable":true,"href":"https:\/\/www.europesays.com\/pt\/wp-json\/wp\/v2\/media\/131367"}],"wp:attachment":[{"href":"https:\/\/www.europesays.com\/pt\/wp-json\/wp\/v2\/media?parent=131366"}],"wp:term":[{"taxonomy":"category","embeddable":true,"href":"https:\/\/www.europesays.com\/pt\/wp-json\/wp\/v2\/categories?post=131366"},{"taxonomy":"post_tag","embeddable":true,"href":"https:\/\/www.europesays.com\/pt\/wp-json\/wp\/v2\/tags?post=131366"}],"curies":[{"name":"wp","href":"https:\/\/api.w.org\/{rel}","templated":true}]}}