{"id":131370,"date":"2025-10-29T15:44:07","date_gmt":"2025-10-29T15:44:07","guid":{"rendered":"https:\/\/www.europesays.com\/pt\/131370\/"},"modified":"2025-10-29T15:44:07","modified_gmt":"2025-10-29T15:44:07","slug":"a-atitude-de-pedro-com-a-mulher-que-lhe-valeu-uma-sancao-pesada-e-um-aviso-de-cristina-ferreira-secret-story","status":"publish","type":"post","link":"https:\/\/www.europesays.com\/pt\/131370\/","title":{"rendered":"A atitude de Pedro com a mulher que lhe valeu uma san\u00e7\u00e3o pesada e um aviso de Cristina Ferreira &#8211; Secret Story"},"content":{"rendered":"<p style=\"margin-bottom:11px\">Durante uma discuss\u00e3o, Pedro revelou \u00e0 mulher, Marisa, que tinha estado em miss\u00e3o com Ana. Por ter quebrado uma das regras do programa, Pedro recebeu um castigo da voz. <a href=\"https:\/\/tvi.iol.pt\/secretstory\/videos\/mao-pesada-voz-sanciona-pedro-jorge-e-cristina-deixa-conselho-so-um-e-que-ganha\/69013a8f0cf285ab53a6d3bf\" rel=\"nofollow noopener\" target=\"_blank\">Foi sancionado e perdeu 1500 euros.<\/a><\/p>\n<p>\u00abO Pedro anda claramente a praticar o desapego ao dinheiro. As regras s\u00e3o claras: as miss\u00f5es secretas s\u00e3o secretas at\u00e9 ao fim. E, na verdade, todas as a\u00e7\u00f5es t\u00eam consequ\u00eancias. Decidiu desvendar que tinha estado em miss\u00e3o. E, por isso, 1.500 euros ser\u00e3o retirados da sua conta\u00bb, explicou a Voz.<\/p>\n<p>Pedro explicou a Cristina Ferreira que s\u00f3 revelou a miss\u00e3o para tranquilizar a mulher. \u00abQueria-lhe explicar que, em momento algum, sentia alguma coisa por algu\u00e9m aqui nesta casa. Que ela tem andado a dizer que eu sou o pinga-amor falhado, que sou isto e aquilo, e eu tive a necessidade de o dizer para ela ficar descansada, que, em momento algum, fiz as coisas com algum prop\u00f3sito amoroso. E tive que o dizer\u00bb, declarou.<\/p>\n<p>Cristina Ferreira aproveitou para deixar um conselho aos concorrentes. \u00abSabe que este jogo \u00e9 para duros? Sabe que s\u00f3 um \u00e9 que ganha? Ent\u00e3o n\u00e3o se esque\u00e7a disso. E n\u00e3o se esque\u00e7a tamb\u00e9m que tem um segredo para guardar. Quando estiver a discutir, veja quem \u00e9 que est\u00e1 \u00e0 volta\u00bb.<\/p>\n<p>A apresentadora deixou ainda um alerta: \u00abEsta foi de borla, Pedro, este conselho. N\u00e3o deem muita abertura e muito espa\u00e7o para que os outros percebam, combinado? \u00c9 que ainda falta um tempinho\u00bb.<\/p>\n<p><strong>Veja o v\u00eddeo!\u00a0<\/strong><\/p>\n<p>\u00a0\u00a0<\/p>\n","protected":false},"excerpt":{"rendered":"Durante uma discuss\u00e3o, Pedro revelou \u00e0 mulher, Marisa, que tinha estado em miss\u00e3o com Ana. Por ter quebrado&hellip;\n","protected":false},"author":2,"featured_media":131371,"comment_status":"","ping_status":"","sticky":false,"template":"","format":"standard","meta":{"footnotes":""},"categories":[142],"tags":[8113,2632,329,333,328,335,336,114,115,334,330,1326,338,19019,13,14646,32,33,5916,1315,8174,151,162,19020,227],"class_list":{"0":"post-131370","1":"post","2":"type-post","3":"status-publish","4":"format-standard","5":"has-post-thumbnail","7":"category-tv","8":"tag-alice-alves","9":"tag-casa-dos-segredos","10":"tag-claudio-ramos","11":"tag-comentadores","12":"tag-concorrentes","13":"tag-confrontos","14":"tag-discussoes","15":"tag-entertainment","16":"tag-entretenimento","17":"tag-exclusivos","18":"tag-gala","19":"tag-mafalda-castro","20":"tag-maria-botelho-moniz","21":"tag-marta-cardoso","22":"tag-noticias","23":"tag-pedro","24":"tag-portugal","25":"tag-pt","26":"tag-sancao","27":"tag-secret-story","28":"tag-segredos","29":"tag-tv","30":"tag-tvi","31":"tag-video-do-dia","32":"tag-videos"},"share_on_mastodon":{"url":"https:\/\/pubeurope.com\/@pt\/115458229092892973","error":""},"_links":{"self":[{"href":"https:\/\/www.europesays.com\/pt\/wp-json\/wp\/v2\/posts\/131370","targetHints":{"allow":["GET"]}}],"collection":[{"href":"https:\/\/www.europesays.com\/pt\/wp-json\/wp\/v2\/posts"}],"about":[{"href":"https:\/\/www.europesays.com\/pt\/wp-json\/wp\/v2\/types\/post"}],"author":[{"embeddable":true,"href":"https:\/\/www.europesays.com\/pt\/wp-json\/wp\/v2\/users\/2"}],"replies":[{"embeddable":true,"href":"https:\/\/www.europesays.com\/pt\/wp-json\/wp\/v2\/comments?post=131370"}],"version-history":[{"count":0,"href":"https:\/\/www.europesays.com\/pt\/wp-json\/wp\/v2\/posts\/131370\/revisions"}],"wp:featuredmedia":[{"embeddable":true,"href":"https:\/\/www.europesays.com\/pt\/wp-json\/wp\/v2\/media\/131371"}],"wp:attachment":[{"href":"https:\/\/www.europesays.com\/pt\/wp-json\/wp\/v2\/media?parent=131370"}],"wp:term":[{"taxonomy":"category","embeddable":true,"href":"https:\/\/www.europesays.com\/pt\/wp-json\/wp\/v2\/categories?post=131370"},{"taxonomy":"post_tag","embeddable":true,"href":"https:\/\/www.europesays.com\/pt\/wp-json\/wp\/v2\/tags?post=131370"}],"curies":[{"name":"wp","href":"https:\/\/api.w.org\/{rel}","templated":true}]}}