{"id":131384,"date":"2025-10-29T15:53:14","date_gmt":"2025-10-29T15:53:14","guid":{"rendered":"https:\/\/www.europesays.com\/pt\/131384\/"},"modified":"2025-10-29T15:53:14","modified_gmt":"2025-10-29T15:53:14","slug":"suspeitos-libertados-apos-morte-de-militar-da-gnr","status":"publish","type":"post","link":"https:\/\/www.europesays.com\/pt\/131384\/","title":{"rendered":"Suspeitos Libertados Ap\u00f3s Morte de Militar da GNR"},"content":{"rendered":"<p>Foram constitu\u00eddos arguidos e libertados os dois homens de nacionalidade espanhola identificado esta ter\u00e7a-feira \u00e0 tarde pela GNR, junto \u00e0 fronteira com Espanha no Algarve, suspeitos de terem estado envolvido no choque entre uma narcolancha e uma embarca\u00e7\u00e3o da GNR que matou o cabo Pedro Manata e Silva e feriu outros tr\u00eas militares.<\/p>\n<p>De acordo com o <a aria-label=\"content\" target=\"_blank\" href=\"https:\/\/www.jn.pt\/justica\/artigo\/suspeitos-de-choque-fatal-com-narcolancha-constituidos-arguidos-e-libertados\/18013801\" rel=\"nofollow noopener\">JN<\/a>, as autoridades entenderam que, nesta fase da investiga\u00e7\u00e3o, n\u00e3o existem ind\u00edcios suficientemente fortes de que tenham estado envolvidos no incidente ocorrido na noite de segunda-feira no Rio Guadiana, perto de Alcoutim, o que justifica a n\u00e3o deten\u00e7\u00e3o. Ainda assim, ficaram ambos com Termo de Identidade e Resid\u00eancia, medida inerente \u00e0 constitui\u00e7\u00e3o de arguido.<\/p>\n<p>Os dois homens foram detidos em Castro Marim, perto da fronteira com Espanha, a cerca de 30 quil\u00f3metros do local onde ocorreu o abalroamento da embarca\u00e7\u00e3o da Unidade de Controlo Costeiro e de Fronteiras (UCCF) da GNR por parte de uma lancha suspeita de transportar droga. Ap\u00f3s a colis\u00e3o, os traficantes embateram numa margem do rio e fugiram enquanto a lancha ardia. <\/p>\n","protected":false},"excerpt":{"rendered":"Foram constitu\u00eddos arguidos e libertados os dois homens de nacionalidade espanhola identificado esta ter\u00e7a-feira \u00e0 tarde pela GNR,&hellip;\n","protected":false},"author":2,"featured_media":131385,"comment_status":"","ping_status":"","sticky":false,"template":"","format":"standard","meta":{"footnotes":""},"categories":[10],"tags":[27,28,15,16,12440,14,25,26,21,22,12,13,19,20,32,23,24,33,21024,17,18,2953,29,30,31],"class_list":{"0":"post-131384","1":"post","2":"type-post","3":"status-publish","4":"format-standard","5":"has-post-thumbnail","7":"category-portugal","8":"tag-breaking-news","9":"tag-breakingnews","10":"tag-featured-news","11":"tag-featurednews","12":"tag-gnr-guarda-nacional-republicana","13":"tag-headlines","14":"tag-latest-news","15":"tag-latestnews","16":"tag-main-news","17":"tag-mainnews","18":"tag-news","19":"tag-noticias","20":"tag-noticias-principais","21":"tag-noticiasprincipais","22":"tag-portugal","23":"tag-principais-noticias","24":"tag-principaisnoticias","25":"tag-pt","26":"tag-rio-guadiana","27":"tag-top-stories","28":"tag-topstories","29":"tag-trafico-de-droga","30":"tag-ultimas","31":"tag-ultimas-noticias","32":"tag-ultimasnoticias"},"share_on_mastodon":{"url":"https:\/\/pubeurope.com\/@pt\/115458264479016205","error":""},"_links":{"self":[{"href":"https:\/\/www.europesays.com\/pt\/wp-json\/wp\/v2\/posts\/131384","targetHints":{"allow":["GET"]}}],"collection":[{"href":"https:\/\/www.europesays.com\/pt\/wp-json\/wp\/v2\/posts"}],"about":[{"href":"https:\/\/www.europesays.com\/pt\/wp-json\/wp\/v2\/types\/post"}],"author":[{"embeddable":true,"href":"https:\/\/www.europesays.com\/pt\/wp-json\/wp\/v2\/users\/2"}],"replies":[{"embeddable":true,"href":"https:\/\/www.europesays.com\/pt\/wp-json\/wp\/v2\/comments?post=131384"}],"version-history":[{"count":0,"href":"https:\/\/www.europesays.com\/pt\/wp-json\/wp\/v2\/posts\/131384\/revisions"}],"wp:featuredmedia":[{"embeddable":true,"href":"https:\/\/www.europesays.com\/pt\/wp-json\/wp\/v2\/media\/131385"}],"wp:attachment":[{"href":"https:\/\/www.europesays.com\/pt\/wp-json\/wp\/v2\/media?parent=131384"}],"wp:term":[{"taxonomy":"category","embeddable":true,"href":"https:\/\/www.europesays.com\/pt\/wp-json\/wp\/v2\/categories?post=131384"},{"taxonomy":"post_tag","embeddable":true,"href":"https:\/\/www.europesays.com\/pt\/wp-json\/wp\/v2\/tags?post=131384"}],"curies":[{"name":"wp","href":"https:\/\/api.w.org\/{rel}","templated":true}]}}