{"id":131398,"date":"2025-10-29T16:03:07","date_gmt":"2025-10-29T16:03:07","guid":{"rendered":"https:\/\/www.europesays.com\/pt\/131398\/"},"modified":"2025-10-29T16:03:07","modified_gmt":"2025-10-29T16:03:07","slug":"dania-neto-detalha-assalto-a-sua-casa-ficamos-sem-nada","status":"publish","type":"post","link":"https:\/\/www.europesays.com\/pt\/131398\/","title":{"rendered":"D\u00e2nia Neto detalha assalto \u00e0 sua casa: &#8220;Fic\u00e1mos sem nada&#8221;"},"content":{"rendered":"<p data-remotead-prev-elm=\"true\" data-remotead-elm-id=\"inread\">Ap\u00f3s um almo\u00e7o de fam\u00edlia no domingo, D\u00e2nia Neto regressou a casa e encontrou o lar assaltado. Depois de ter revelado o sucedido, esta quarta-feira, a atriz revelou ter perdido todos os bens pessoais e falou da sensa\u00e7\u00e3o de invas\u00e3o, injusti\u00e7a e do impacto emocional sobre os filhos.<\/p>\n<p>&#8220;Estamos bem, dentro de tudo o que aconteceu. N\u00e3o est\u00e1 a ser f\u00e1cil, est\u00e1 a ser muito duro. Tive de me recolher uns dias para processar tudo isto&#8221;, come\u00e7ou por contar, visivelmente emocionada.<\/p>\n<p>&#8220;Sa\u00edmos para um almo\u00e7o de fam\u00edlia, a dois quarteir\u00f5es de casa, ao meio-dia. Quando regress\u00e1mos, \u00e0s 19 horas, a nossa casa tinha sido assaltada. Entraram por uma janela e foram diretos aos s\u00edtios onde guard\u00e1vamos os nossos bens de valor. Rebentaram tudo e levaram tudo, tudo o que t\u00ednhamos. Tudo o que compr\u00e1mos com fruto do nosso trabalho, com dedica\u00e7\u00e3o de uma vida, desapareceu&#8221;, relatou, com l\u00e1grimas nos olhos.<\/p>\n<p data-remotead-prev-elm=\"true\" data-remotead-elm-id=\"centro1\">Casada com o m\u00e9dico dentista Lu\u00eds Matos Cunha e m\u00e3e de Salvador, de seis anos, e Ant\u00f3nio Maria, de dois, D\u00e2nia Neto descreveu sentir agora &#8220;uma sensa\u00e7\u00e3o de invas\u00e3o, de inseguran\u00e7a e de injusti\u00e7a&#8221;.<\/p>\n<p>O assalto trouxe \u00e0 mem\u00f3ria outra experi\u00eancia dolorosa: em 2015, o apartamento onde vivia foi tamb\u00e9m invadido numa v\u00e9spera de Natal, e &#8220;levaram tudo&#8221;.<\/p>\n<p>&#8220;Por mais vezes que a vida me tire o tapete, estarei c\u00e1 para me levantar com dignidade, como sempre fiz. Lamento profundamente por os meus filhos passarem por isto. Ver o meu filho mais velho desesperado ao perceber o que estava a acontecer foi muito dif\u00edcil&#8221;, contou, referindo-se a Salvador.<\/p>\n<p data-remotead-prev-elm=\"true\" data-remotead-elm-id=\"centro2\">&#8220;Lamento profundamente ter comprado coisas e constru\u00eddo \u00e0 espera de um dia deixar para os meus filhos ou netos e isso n\u00e3o vai acontecer, porque n\u00f3s fic\u00e1mos sem nada&#8221;, acrescentou.<\/p>\n<p>A import\u00e2ncia do que realmente importa<\/p>\n<p>No v\u00eddeo publicado no Instagram, D\u00e2nia Neto refor\u00e7ou que a fam\u00edlia n\u00e3o se cruzou com os assaltantes e que, apesar da perda material, mant\u00e9m a gratid\u00e3o pelo essencial: vida, sa\u00fade e os filhos.<\/p>\n<p>&#8220;N\u00e3o nos levaram o mais importante. A vida, a sa\u00fade e os nossos filhos. Tivemos a sorte de n\u00e3o nos cruzar com assaltantes. Agrade\u00e7o a Deus e a quem nos protege por nunca nos abandonar. N\u00e3o acredito que algu\u00e9m consiga ser feliz \u00e0 custa da infelicidade alheia. Resta-nos seguir em frente e confiar no trabalho da Pol\u00edcia Judici\u00e1ria. Com certeza vamos sair disto mais fortes&#8221;, concluiu.<\/p>\n","protected":false},"excerpt":{"rendered":"Ap\u00f3s um almo\u00e7o de fam\u00edlia no domingo, D\u00e2nia Neto regressou a casa e encontrou o lar assaltado. Depois&hellip;\n","protected":false},"author":2,"featured_media":131399,"comment_status":"","ping_status":"","sticky":false,"template":"","format":"standard","meta":{"footnotes":""},"categories":[85],"tags":[2446,813,4990,12702,3864,114,115,712,2445,32,33],"class_list":{"0":"post-131398","1":"post","2":"type-post","3":"status-publish","4":"format-standard","5":"has-post-thumbnail","7":"category-entretenimento","8":"tag-assalto","9":"tag-atriz","10":"tag-dania-neto","11":"tag-denuncia","12":"tag-desabafo","13":"tag-entertainment","14":"tag-entretenimento","15":"tag-pessoas","16":"tag-policia-judiciaria","17":"tag-portugal","18":"tag-pt"},"share_on_mastodon":{"url":"","error":""},"_links":{"self":[{"href":"https:\/\/www.europesays.com\/pt\/wp-json\/wp\/v2\/posts\/131398","targetHints":{"allow":["GET"]}}],"collection":[{"href":"https:\/\/www.europesays.com\/pt\/wp-json\/wp\/v2\/posts"}],"about":[{"href":"https:\/\/www.europesays.com\/pt\/wp-json\/wp\/v2\/types\/post"}],"author":[{"embeddable":true,"href":"https:\/\/www.europesays.com\/pt\/wp-json\/wp\/v2\/users\/2"}],"replies":[{"embeddable":true,"href":"https:\/\/www.europesays.com\/pt\/wp-json\/wp\/v2\/comments?post=131398"}],"version-history":[{"count":0,"href":"https:\/\/www.europesays.com\/pt\/wp-json\/wp\/v2\/posts\/131398\/revisions"}],"wp:featuredmedia":[{"embeddable":true,"href":"https:\/\/www.europesays.com\/pt\/wp-json\/wp\/v2\/media\/131399"}],"wp:attachment":[{"href":"https:\/\/www.europesays.com\/pt\/wp-json\/wp\/v2\/media?parent=131398"}],"wp:term":[{"taxonomy":"category","embeddable":true,"href":"https:\/\/www.europesays.com\/pt\/wp-json\/wp\/v2\/categories?post=131398"},{"taxonomy":"post_tag","embeddable":true,"href":"https:\/\/www.europesays.com\/pt\/wp-json\/wp\/v2\/tags?post=131398"}],"curies":[{"name":"wp","href":"https:\/\/api.w.org\/{rel}","templated":true}]}}