{"id":131424,"date":"2025-10-29T16:23:09","date_gmt":"2025-10-29T16:23:09","guid":{"rendered":"https:\/\/www.europesays.com\/pt\/131424\/"},"modified":"2025-10-29T16:23:09","modified_gmt":"2025-10-29T16:23:09","slug":"tudo-comecou-com-o-dudu-record","status":"publish","type":"post","link":"https:\/\/www.europesays.com\/pt\/131424\/","title":{"rendered":"\u2018Tudo come\u00e7ou com o Dudu\u2019 \u2013 Record"},"content":{"rendered":"<p><img decoding=\"async\" data-chromatic=\"ignore\" alt=\"\" class=\"c-image\" loading=\"lazy\" src=\"https:\/\/www.europesays.com\/pt\/wp-content\/uploads\/2025\/10\/JCOQPZ6IM5E3BDPDH7ZW2EOSFU.png\"  width=\"2116\" height=\"1153\"\/>Carol ficou sem palavras com as revela\u00e7\u00f5es de Yon\u00e1 Reprodu\u00e7\u00e3o\/RecordPlus <\/p>\n<p class=\"jarvics:base-text-neutral-high-400 base-text-[calc(theme(fontSize.xs)_*_var(--font-size,_1))] base-font-normal base-font-primary base-text-neutral-low-500 base-text-left\">Sem medo de movimentar as pe\u00e7as de <a href=\"https:\/\/record.r7.com\/a-fazenda\/a-fazenda-17\/\" target=\"_self\" rel=\"nofollow noopener\" title=\"https:\/\/record.r7.com\/a-fazenda\/a-fazenda-17\/\"><b>A Fazenda 17<\/b><\/a>, <a href=\"https:\/\/record.r7.com\/a-fazenda\/a-fazenda-17\/peoes\/yona-sousa\" target=\"_self\" title=\"Yon&#xE1; Sousa\" rel=\"nofollow noopener\"><b>Yon\u00e1 Sousa<\/b><\/a> recalculou a rota e passou a jogar contra um de seus maiores aliados, <a href=\"https:\/\/record.r7.com\/a-fazenda\/a-fazenda-17\/peoes\/dudu-camargo\" target=\"_self\" title=\"Dudu Camargo\" rel=\"nofollow noopener\"><b>Dudu Camargo<\/b><\/a>. Ap\u00f3s a forma\u00e7\u00e3o da Ro\u00e7a de ter\u00e7a (29), ela disse para<b> <\/b><a href=\"https:\/\/record.r7.com\/a-fazenda\/a-fazenda-17\/peoes\/carol-lekker\" target=\"_self\" title=\"Carol Lekker\" rel=\"nofollow noopener\"><b>Carol Lekker<\/b><\/a> que foi ideia do jornalista colocar ela e <a href=\"https:\/\/record.r7.com\/a-fazenda\/a-fazenda-17\/peoes\/kathy-maravilha\" target=\"_self\" title=\"Kathy Maravilha\" rel=\"nofollow noopener\"><b>Kathy Maravilha<\/b><\/a> na berlinda juntas. Ela s\u00f3 n\u00e3o revelou quem levou o nome da DJ para a conversa, estrat\u00e9gia que fala, n\u00e3o \u00e9? Entenda!<\/p>\n<ul class=\"b-article-body__list-unordered\">\n<li><b>Quer ficar por dentro de tudo que est\u00e1 acontecendo em\u00a0<\/b><b>A Fazenda 17<\/b><b>?\u00a0<\/b><a href=\"https:\/\/www.whatsapp.com\/channel\/0029Va2cJIR1noz2ahzX0D1N\" target=\"_blank\" rel=\"noreferrer nofollow noopener\" title=\"https:\/\/www.whatsapp.com\/channel\/0029Va2cJIR1noz2ahzX0D1N\"><b>Clique aqui<\/b><\/a><b>\u00a0e fa\u00e7a parte do nosso canal no WhatsApp!<\/b><\/li>\n<\/ul>\n<p class=\"jarvics:base-text-neutral-high-400 base-text-[calc(theme(fontSize.xs)_*_var(--font-size,_1))] base-font-normal base-font-primary base-text-neutral-low-500 base-text-left\">Antes de se afastar da Equipe Total, na sexta (24), Yon\u00e1 disse para Dudu que queria testar Kathy na Ro\u00e7a: \u201cEla \u00e9 a for\u00e7a da Carol. Se tirar a Kathy, a Carol se desestrutura\u201d. No momento, o jornalista estava focado em colocar <a href=\"https:\/\/record.r7.com\/a-fazenda\/a-fazenda-17\/peoes\/matheus-martins\" target=\"_self\" title=\"Matheus Martins\" rel=\"nofollow noopener\"><b>Matheus Martins<\/b><\/a> na berlinda, mas a advogada convenceu de que a elimina\u00e7\u00e3o do modelo n\u00e3o traria respostas para o jogo deles, ao contr\u00e1rio de uma poss\u00edvel sa\u00edda da DJ.<\/p>\n<p><b>Assista:<\/b><video controls=\"\" class=\"video-js\" preload=\"metadata\" poster=\"https:\/\/d22yf0mxeu0gma.cloudfront.net\/10-24-2025\/t_c8ffdc1bb7654f39b58f00c975d6b549_name_file_960x540_1600_v4_.jpg\" title=\"Dudu entrega jogo e Yon&#xE1; cita 'Kathy' para desestabilizar Carol | A Fazenda 17\" data-sprite-url=\"\" data-metadata=\"{&quot;title&quot;:&quot;Dudu entrega jogo e Yon&#xE1; cita 'Kathy' para desestabilizar Carol | A Fazenda 17&quot;,&quot;sectionName&quot;:&quot;R7&quot;,&quot;mainSection&quot;:&quot;Novidades&quot;,&quot;subSection&quot;:&quot;&quot;,&quot;views&quot;:&quot;&quot;,&quot;disableAdv&quot;:&quot;false&quot;,&quot;createdDate&quot;:&quot;2025-10-24T06:08:11Z&quot;,&quot;mainSectionUrl&quot;:&quot;https:\/\/record.r7.com\/a-fazenda\/a-fazenda-17\/24-horas\/video\/dudu-entrega-jogo-e-yona-cita-kathy-para-desestabilizar-carol-a-fazenda-17-24102025\/&quot;,&quot;sectionPath&quot;:&quot;https:\/\/record.r7.com\/a-fazenda\/a-fazenda-17\/24-horas&quot;,&quot;ageRating&quot;:&quot;A12&quot;,&quot;ageRatingDescription&quot;:&quot;&quot;,&quot;duration&quot;:219904,&quot;playerUrl&quot;:&quot;https:\/\/record.r7.com\/player\/380a0af4-83e4-4449-ae8c-5f38a5aed16b\/&quot;}\" data-player-params=\"{&quot;p&quot;:&quot;true&quot;,&quot;autoPlay&quot;:&quot;false&quot;,&quot;logo&quot;:&quot;true&quot;,&quot;playlistId&quot;:&quot;false&quot;,&quot;calhau&quot;:&quot;false&quot;,&quot;share&quot;:&quot;true&quot;,&quot;sz&quot;:&quot;false&quot;,&quot;full&quot;:&quot;true&quot;,&quot;customAdHash&quot;:&quot;\/7542\/recordtv\/afazenda&quot;,&quot;referrerUrl&quot;:&quot;&quot;,&quot;externalLinks&quot;:&quot;true&quot;,&quot;debug&quot;:&quot;false&quot;,&quot;debugHash&quot;:&quot;false&quot;,&quot;debugRelated&quot;:&quot;false&quot;,&quot;timerRelated&quot;:&quot;true&quot;,&quot;logoRecord&quot;:&quot;false&quot;,&quot;contextModal&quot;:&quot;false&quot;,&quot;parentUrl&quot;:&quot;https:\/\/record.r7.com\/&quot;,&quot;t&quot;:&quot;0&quot;,&quot;noTitle&quot;:false,&quot;endBehavior&quot;:&quot;default&quot;}\" data-related-videos=\"[{&quot;title&quot;:&quot;Ray e Martina cantam Mundo Bita para atrapalhar sono de casais | A Fazenda 17&quot;,&quot;thumb&quot;:&quot;https:\/\/d22yf0mxeu0gma.cloudfront.net\/10-29-2025\/t_d928bf9ba1a0405696f97037b43354f8_name_file_960x540_1600_v4_.jpg&quot;,&quot;url&quot;:&quot;https:\/\/record.r7.com\/a-fazenda\/a-fazenda-17\/24-horas\/video\/ray-e-martina-cantam-mundo-bita-para-atrapalhar-sono-de-casais-a-fazenda-17-29102025\/&quot;,&quot;embedUrl&quot;:&quot;https:\/\/record.r7.com\/player\/c2de1c47-4e5f-430e-a092-dd0846685ec9\/&quot;},{&quot;title&quot;:&quot;Creo afirma que n&#xE3;o foi 'burro' ao topar ir para Ro&#xE7;a: 'Se voltar, volto mais forte' | A Fazenda 17&quot;,&quot;thumb&quot;:&quot;https:\/\/d22yf0mxeu0gma.cloudfront.net\/10-29-2025\/t_e38cf6278ab24469a83f0c1b74a12a1b_name_file_960x540_1600_v4_.jpg&quot;,&quot;url&quot;:&quot;https:\/\/record.r7.com\/a-fazenda\/a-fazenda-17\/24-horas\/video\/creo-afirma-que-nao-foi-burro-ao-topar-ir-para-roca-se-voltar-volto-mais-forte-a-fazenda-17-29102025\/&quot;,&quot;embedUrl&quot;:&quot;https:\/\/record.r7.com\/player\/8e44a77f-dea8-4cc2-8b8d-117a44a67db3\/&quot;},{&quot;title&quot;:&quot;Creo, Fabiano ou Toninho: descubra nesta quarta (29) quem ser&#xE1; o novo Fazendeiro | A Fazenda 17&quot;,&quot;thumb&quot;:&quot;https:\/\/d22yf0mxeu0gma.cloudfront.net\/10-29-2025\/t_0ae0bcbc67584ea2b1fd6691d030b096_name_file_960x540_1600_v4_.jpg&quot;,&quot;url&quot;:&quot;https:\/\/record.r7.com\/a-fazenda\/a-fazenda-17\/video\/creo-fabiano-ou-toninho-descubra-nesta-quarta-29-quem-sera-o-novo-fazendeiro-a-fazenda-17-29102025\/&quot;,&quot;embedUrl&quot;:&quot;https:\/\/record.r7.com\/player\/ec237624-91d0-4ed9-9b6d-9216cf145fdf\/&quot;}]\" data-player-url=\"https:\/\/record.r7.com\/player\/380a0af4-83e4-4449-ae8c-5f38a5aed16b\/\" data-arc-video=\"\" data-arc-id=\"380a0af4-83e4-4449-ae8c-5f38a5aed16b\" data-short=\"false\" style=\"visibility:hidden\"><\/video><\/p>\n<p class=\"jarvics:base-text-neutral-high-400 base-text-[calc(theme(fontSize.xs)_*_var(--font-size,_1))] base-font-normal base-font-primary base-text-neutral-low-500 base-text-left\">Dudu trabalhou a ideia de como colocar Kathy na Ro\u00e7a. Ele entendeu que as meninas da Equipe Total n\u00e3o votariam na DJ, ent\u00e3o teria que montar uma estrat\u00e9gia para que ela sobrasse no Resta Um. O jornalista levou a ideia para <a href=\"https:\/\/record.r7.com\/a-fazenda\/a-fazenda-17\/peoes\/shia-phoenix\" target=\"_self\" title=\"Shia Phoenix\" rel=\"nofollow noopener\"><b>Shia Phoenix<\/b><\/a>, e eles debateram.<\/p>\n<p class=\"jarvics:base-text-neutral-high-400 base-text-[calc(theme(fontSize.xs)_*_var(--font-size,_1))] base-font-normal base-font-primary base-text-neutral-low-500 base-text-left\">Na segunda (27), <a href=\"https:\/\/record.r7.com\/a-fazenda\/a-fazenda-17\/24-horas\/video\/wallas-tenta-influenciar-voto-de-carol-e-ela-rebate-perda-de-tempo-a-fazenda-17-27102025\/\" target=\"_self\" rel=\"nofollow noopener\" title=\"https:\/\/record.r7.com\/a-fazenda\/a-fazenda-17\/24-horas\/video\/wallas-tenta-influenciar-voto-de-carol-e-ela-rebate-perda-de-tempo-a-fazenda-17-27102025\/\"><b>Wallas teve uma discuss\u00e3o com Carol<\/b><\/a> e deixou no ar que ela e Kathy estavam no alvo dos pe\u00f5es. Sem perder tempo, a Miss Bumbum confrontou Dudu e Shia. Ela entendeu que faria sentido o jornalista votar nela, mas ficou irritada com o ator, pois estava \u2018jogando\u2019 com o pe\u00e3o. Shia e Carol tiveram um bate-boca.<\/p>\n<p><b>Olha s\u00f3: <\/b><video controls=\"\" class=\"video-js\" preload=\"metadata\" poster=\"https:\/\/d22yf0mxeu0gma.cloudfront.net\/10-28-2025\/t_bbe702b04ed64d5183c6e88c6ca288da_name_file_960x540_1600_v4_.jpg\" title=\"'Quem t&#xEA;m medo de ir para a Ro&#xE7;a s&#xE3;o voc&#xEA;s' dispara Carol para Shia | A Fazenda 17\" data-sprite-url=\"\" data-metadata=\"{&quot;title&quot;:&quot;'Quem t&#xEA;m medo de ir para a Ro&#xE7;a s&#xE3;o voc&#xEA;s' dispara Carol para Shia | A Fazenda 17&quot;,&quot;sectionName&quot;:&quot;R7&quot;,&quot;mainSection&quot;:&quot;Novidades&quot;,&quot;subSection&quot;:&quot;&quot;,&quot;views&quot;:&quot;&quot;,&quot;disableAdv&quot;:&quot;false&quot;,&quot;createdDate&quot;:&quot;2025-10-28T15:33:23Z&quot;,&quot;mainSectionUrl&quot;:&quot;https:\/\/record.r7.com\/a-fazenda\/a-fazenda-17\/24-horas\/video\/quem-tem-medo-de-ir-para-a-roca-sao-voces-dispara-carol-para-shia-a-fazenda-17-28102025\/&quot;,&quot;sectionPath&quot;:&quot;https:\/\/record.r7.com\/a-fazenda\/a-fazenda-17\/24-horas&quot;,&quot;ageRating&quot;:&quot;A12&quot;,&quot;ageRatingDescription&quot;:&quot;&quot;,&quot;duration&quot;:309994,&quot;playerUrl&quot;:&quot;https:\/\/record.r7.com\/player\/a9068947-0f7e-45f0-9d3d-bd0c2407e654\/&quot;}\" data-player-params=\"{&quot;p&quot;:&quot;true&quot;,&quot;autoPlay&quot;:&quot;false&quot;,&quot;logo&quot;:&quot;true&quot;,&quot;playlistId&quot;:&quot;false&quot;,&quot;calhau&quot;:&quot;false&quot;,&quot;share&quot;:&quot;true&quot;,&quot;sz&quot;:&quot;false&quot;,&quot;full&quot;:&quot;true&quot;,&quot;customAdHash&quot;:&quot;\/7542\/recordtv\/afazenda&quot;,&quot;referrerUrl&quot;:&quot;&quot;,&quot;externalLinks&quot;:&quot;true&quot;,&quot;debug&quot;:&quot;false&quot;,&quot;debugHash&quot;:&quot;false&quot;,&quot;debugRelated&quot;:&quot;false&quot;,&quot;timerRelated&quot;:&quot;true&quot;,&quot;logoRecord&quot;:&quot;false&quot;,&quot;contextModal&quot;:&quot;false&quot;,&quot;parentUrl&quot;:&quot;https:\/\/record.r7.com\/&quot;,&quot;t&quot;:&quot;0&quot;,&quot;noTitle&quot;:false,&quot;endBehavior&quot;:&quot;default&quot;}\" data-related-videos=\"[{&quot;title&quot;:&quot;Ray e Martina cantam Mundo Bita para atrapalhar sono de casais | A Fazenda 17&quot;,&quot;thumb&quot;:&quot;https:\/\/d22yf0mxeu0gma.cloudfront.net\/10-29-2025\/t_d928bf9ba1a0405696f97037b43354f8_name_file_960x540_1600_v4_.jpg&quot;,&quot;url&quot;:&quot;https:\/\/record.r7.com\/a-fazenda\/a-fazenda-17\/24-horas\/video\/ray-e-martina-cantam-mundo-bita-para-atrapalhar-sono-de-casais-a-fazenda-17-29102025\/&quot;,&quot;embedUrl&quot;:&quot;https:\/\/record.r7.com\/player\/c2de1c47-4e5f-430e-a092-dd0846685ec9\/&quot;},{&quot;title&quot;:&quot;Creo afirma que n&#xE3;o foi 'burro' ao topar ir para Ro&#xE7;a: 'Se voltar, volto mais forte' | A Fazenda 17&quot;,&quot;thumb&quot;:&quot;https:\/\/d22yf0mxeu0gma.cloudfront.net\/10-29-2025\/t_e38cf6278ab24469a83f0c1b74a12a1b_name_file_960x540_1600_v4_.jpg&quot;,&quot;url&quot;:&quot;https:\/\/record.r7.com\/a-fazenda\/a-fazenda-17\/24-horas\/video\/creo-afirma-que-nao-foi-burro-ao-topar-ir-para-roca-se-voltar-volto-mais-forte-a-fazenda-17-29102025\/&quot;,&quot;embedUrl&quot;:&quot;https:\/\/record.r7.com\/player\/8e44a77f-dea8-4cc2-8b8d-117a44a67db3\/&quot;},{&quot;title&quot;:&quot;Creo, Fabiano ou Toninho: descubra nesta quarta (29) quem ser&#xE1; o novo Fazendeiro | A Fazenda 17&quot;,&quot;thumb&quot;:&quot;https:\/\/d22yf0mxeu0gma.cloudfront.net\/10-29-2025\/t_0ae0bcbc67584ea2b1fd6691d030b096_name_file_960x540_1600_v4_.jpg&quot;,&quot;url&quot;:&quot;https:\/\/record.r7.com\/a-fazenda\/a-fazenda-17\/video\/creo-fabiano-ou-toninho-descubra-nesta-quarta-29-quem-sera-o-novo-fazendeiro-a-fazenda-17-29102025\/&quot;,&quot;embedUrl&quot;:&quot;https:\/\/record.r7.com\/player\/ec237624-91d0-4ed9-9b6d-9216cf145fdf\/&quot;}]\" data-player-url=\"https:\/\/record.r7.com\/player\/a9068947-0f7e-45f0-9d3d-bd0c2407e654\/\" data-arc-video=\"\" data-arc-id=\"a9068947-0f7e-45f0-9d3d-bd0c2407e654\" data-short=\"false\" style=\"visibility:hidden\"><\/video><\/p>\n<p class=\"jarvics:base-text-neutral-high-400 base-text-[calc(theme(fontSize.xs)_*_var(--font-size,_1))] base-font-normal base-font-primary base-text-neutral-low-500 base-text-left\">Na forma\u00e7\u00e3o da Ro\u00e7a, Carol indicou Shia e detonou a jogada do ator. Quando retornaram para a sede, Yon\u00e1 fez quest\u00e3o de avis\u00e1-la sobre Dudu. A advogada disse que, mesmo brigada com a rival, disse para Will que n\u00e3o votaria em mulheres para que Carol entendesse o recado: \u201cVou ter que mostrar para Carol, de forma indireta, que a galera de l\u00e1 t\u00e1 armando para cima dela! E tudo come\u00e7ou com o Dudu na casinha, e depois foi falar com Shia.\u201d<\/p>\n<p class=\"jarvics:base-text-neutral-high-400 base-text-[calc(theme(fontSize.xs)_*_var(--font-size,_1))] base-font-normal base-font-primary base-text-neutral-low-500 base-text-left\">A Miss Bumbum ficou impactada com as informa\u00e7\u00f5es: \u201cEle fez uma proposta para mim no momento que eu estava com raiva, mas eu disse, n\u00e3o sou conivente. Dudu passou e n\u00e3o fala mais comigo!\u201d.<\/p>\n<p class=\"jarvics:base-text-neutral-high-400 base-text-[calc(theme(fontSize.xs)_*_var(--font-size,_1))] base-font-normal base-font-primary base-text-neutral-low-500 base-text-left\">Em nenhum momento Yon\u00e1 revelou que foi ela quem trouxe o nome de Kathy para o centro das estrat\u00e9gias de vota\u00e7\u00e3o. Ser\u00e1 que ela vai contar em algum momento?<\/p>\n<p><b>Confira:<\/b><video controls=\"\" class=\"video-js\" preload=\"metadata\" poster=\"https:\/\/d22yf0mxeu0gma.cloudfront.net\/10-29-2025\/t_a35b2b328f62477e8c3553120c5e2f87_name_file_960x540_1600_v4_.jpg\" title=\"Yon&#xE1; exp&#xF5;e plano de Dudu em colocar Carol na Ro&#xE7;a: 'N&#xE3;o sou conivente' | A Fazenda 17\" data-sprite-url=\"\" data-metadata=\"{&quot;title&quot;:&quot;Yon&#xE1; exp&#xF5;e plano de Dudu em colocar Carol na Ro&#xE7;a: 'N&#xE3;o sou conivente' | A Fazenda 17&quot;,&quot;sectionName&quot;:&quot;R7&quot;,&quot;mainSection&quot;:&quot;Novidades&quot;,&quot;subSection&quot;:&quot;&quot;,&quot;views&quot;:&quot;&quot;,&quot;disableAdv&quot;:&quot;false&quot;,&quot;createdDate&quot;:&quot;2025-10-29T04:22:41Z&quot;,&quot;mainSectionUrl&quot;:&quot;https:\/\/record.r7.com\/a-fazenda\/a-fazenda-17\/24-horas\/video\/yona-expoe-plano-de-dudu-em-colocar-carol-na-roca-nao-sou-conivente-a-fazenda-17-29102025\/&quot;,&quot;sectionPath&quot;:&quot;https:\/\/record.r7.com\/a-fazenda\/a-fazenda-17\/24-horas&quot;,&quot;ageRating&quot;:&quot;A12&quot;,&quot;ageRatingDescription&quot;:&quot;&quot;,&quot;duration&quot;:302848,&quot;playerUrl&quot;:&quot;https:\/\/record.r7.com\/player\/bc808d44-a82a-4ca3-84aa-aa4bbdca0ef7\/&quot;}\" data-player-params=\"{&quot;p&quot;:&quot;true&quot;,&quot;autoPlay&quot;:&quot;false&quot;,&quot;logo&quot;:&quot;true&quot;,&quot;playlistId&quot;:&quot;false&quot;,&quot;calhau&quot;:&quot;false&quot;,&quot;share&quot;:&quot;true&quot;,&quot;sz&quot;:&quot;false&quot;,&quot;full&quot;:&quot;true&quot;,&quot;customAdHash&quot;:&quot;\/7542\/recordtv\/afazenda&quot;,&quot;referrerUrl&quot;:&quot;&quot;,&quot;externalLinks&quot;:&quot;true&quot;,&quot;debug&quot;:&quot;false&quot;,&quot;debugHash&quot;:&quot;false&quot;,&quot;debugRelated&quot;:&quot;false&quot;,&quot;timerRelated&quot;:&quot;true&quot;,&quot;logoRecord&quot;:&quot;false&quot;,&quot;contextModal&quot;:&quot;false&quot;,&quot;parentUrl&quot;:&quot;https:\/\/record.r7.com\/&quot;,&quot;t&quot;:&quot;0&quot;,&quot;noTitle&quot;:false,&quot;endBehavior&quot;:&quot;default&quot;}\" data-related-videos=\"[{&quot;title&quot;:&quot;Ray e Martina cantam Mundo Bita para atrapalhar sono de casais | A Fazenda 17&quot;,&quot;thumb&quot;:&quot;https:\/\/d22yf0mxeu0gma.cloudfront.net\/10-29-2025\/t_d928bf9ba1a0405696f97037b43354f8_name_file_960x540_1600_v4_.jpg&quot;,&quot;url&quot;:&quot;https:\/\/record.r7.com\/a-fazenda\/a-fazenda-17\/24-horas\/video\/ray-e-martina-cantam-mundo-bita-para-atrapalhar-sono-de-casais-a-fazenda-17-29102025\/&quot;,&quot;embedUrl&quot;:&quot;https:\/\/record.r7.com\/player\/c2de1c47-4e5f-430e-a092-dd0846685ec9\/&quot;},{&quot;title&quot;:&quot;Creo afirma que n&#xE3;o foi 'burro' ao topar ir para Ro&#xE7;a: 'Se voltar, volto mais forte' | A Fazenda 17&quot;,&quot;thumb&quot;:&quot;https:\/\/d22yf0mxeu0gma.cloudfront.net\/10-29-2025\/t_e38cf6278ab24469a83f0c1b74a12a1b_name_file_960x540_1600_v4_.jpg&quot;,&quot;url&quot;:&quot;https:\/\/record.r7.com\/a-fazenda\/a-fazenda-17\/24-horas\/video\/creo-afirma-que-nao-foi-burro-ao-topar-ir-para-roca-se-voltar-volto-mais-forte-a-fazenda-17-29102025\/&quot;,&quot;embedUrl&quot;:&quot;https:\/\/record.r7.com\/player\/8e44a77f-dea8-4cc2-8b8d-117a44a67db3\/&quot;},{&quot;title&quot;:&quot;Creo, Fabiano ou Toninho: descubra nesta quarta (29) quem ser&#xE1; o novo Fazendeiro | A Fazenda 17&quot;,&quot;thumb&quot;:&quot;https:\/\/d22yf0mxeu0gma.cloudfront.net\/10-29-2025\/t_0ae0bcbc67584ea2b1fd6691d030b096_name_file_960x540_1600_v4_.jpg&quot;,&quot;url&quot;:&quot;https:\/\/record.r7.com\/a-fazenda\/a-fazenda-17\/video\/creo-fabiano-ou-toninho-descubra-nesta-quarta-29-quem-sera-o-novo-fazendeiro-a-fazenda-17-29102025\/&quot;,&quot;embedUrl&quot;:&quot;https:\/\/record.r7.com\/player\/ec237624-91d0-4ed9-9b6d-9216cf145fdf\/&quot;}]\" data-player-url=\"https:\/\/record.r7.com\/player\/bc808d44-a82a-4ca3-84aa-aa4bbdca0ef7\/\" data-arc-video=\"\" data-arc-id=\"bc808d44-a82a-4ca3-84aa-aa4bbdca0ef7\" data-short=\"false\" style=\"visibility:hidden\"><\/video><\/p>\n<p class=\"jarvics:base-text-neutral-high-400 base-text-[calc(theme(fontSize.xs)_*_var(--font-size,_1))] base-font-normal base-font-primary base-text-neutral-low-500 base-text-left\">Fique ligado! <a href=\"https:\/\/record.r7.com\/a-fazenda\/a-fazenda-17\/\" rel=\"nofollow noopener\" title=\"https:\/\/record.r7.com\/a-fazenda\/a-fazenda-17\/\" target=\"_blank\"><b>A Fazenda 17<\/b><\/a> vai ao ar de segunda a domingo, \u00e0s 22h30, na tela da <a href=\"https:\/\/record.r7.com\/\" rel=\"nofollow noopener\" target=\"_blank\"><b>RECORD<\/b><\/a>. Assine o <a href=\"https:\/\/www.recordplus.com\/home\" rel=\"nofollow noopener\" title=\"https:\/\/www.recordplus.com\/home\" target=\"_blank\"><b>RecordPlus<\/b><\/a> e tenha acesso \u00e0s c\u00e2meras 24 horas.<\/p>\n<p><b>Afronte, ran\u00e7o e guerra declarada: tretas explodem ap\u00f3s Tribunal Rural de A Fazenda 17<\/b><\/p>\n<p class=\"jarvics:base-text-neutral-high-400 base-text-[calc(theme(fontSize.xxs)_*_var(--font-size,_1))] base-font-semibold base-font-primary base-text-neutral-low-500 base-text-left\">Toda semana j\u00e1 come\u00e7a com fogo no feno em A Fazenda 17! O segundo Tribunal Rural da temporada contou com dois trios bomb\u00e1sticos de peoas rivais e a explos\u00e3o foi certeira. Ap\u00f3s o veredito, as inimigas voltaram para a sede e rolou uma s\u00e9rie de embates com direito a afronte, alerta sincero e papo entre ex e atual; se liga!<\/p>\n","protected":false},"excerpt":{"rendered":"Carol ficou sem palavras com as revela\u00e7\u00f5es de Yon\u00e1 Reprodu\u00e7\u00e3o\/RecordPlus Sem medo de movimentar as pe\u00e7as de A&hellip;\n","protected":false},"author":2,"featured_media":131425,"comment_status":"","ping_status":"","sticky":false,"template":"","format":"standard","meta":{"footnotes":""},"categories":[145],"tags":[657,21355,211,210,20035,114,115,32,33,21864],"class_list":{"0":"post-131424","1":"post","2":"type-post","3":"status-publish","4":"format-standard","5":"has-post-thumbnail","7":"category-celebridades","8":"tag-a-fazenda","9":"tag-carol-lekker","10":"tag-celebridades","11":"tag-celebrities","12":"tag-dudu-camargo","13":"tag-entertainment","14":"tag-entretenimento","15":"tag-portugal","16":"tag-pt","17":"tag-yona-sousa"},"share_on_mastodon":{"url":"https:\/\/pubeurope.com\/@pt\/115458382597939926","error":""},"_links":{"self":[{"href":"https:\/\/www.europesays.com\/pt\/wp-json\/wp\/v2\/posts\/131424","targetHints":{"allow":["GET"]}}],"collection":[{"href":"https:\/\/www.europesays.com\/pt\/wp-json\/wp\/v2\/posts"}],"about":[{"href":"https:\/\/www.europesays.com\/pt\/wp-json\/wp\/v2\/types\/post"}],"author":[{"embeddable":true,"href":"https:\/\/www.europesays.com\/pt\/wp-json\/wp\/v2\/users\/2"}],"replies":[{"embeddable":true,"href":"https:\/\/www.europesays.com\/pt\/wp-json\/wp\/v2\/comments?post=131424"}],"version-history":[{"count":0,"href":"https:\/\/www.europesays.com\/pt\/wp-json\/wp\/v2\/posts\/131424\/revisions"}],"wp:featuredmedia":[{"embeddable":true,"href":"https:\/\/www.europesays.com\/pt\/wp-json\/wp\/v2\/media\/131425"}],"wp:attachment":[{"href":"https:\/\/www.europesays.com\/pt\/wp-json\/wp\/v2\/media?parent=131424"}],"wp:term":[{"taxonomy":"category","embeddable":true,"href":"https:\/\/www.europesays.com\/pt\/wp-json\/wp\/v2\/categories?post=131424"},{"taxonomy":"post_tag","embeddable":true,"href":"https:\/\/www.europesays.com\/pt\/wp-json\/wp\/v2\/tags?post=131424"}],"curies":[{"name":"wp","href":"https:\/\/api.w.org\/{rel}","templated":true}]}}