{"id":131426,"date":"2025-10-29T16:26:12","date_gmt":"2025-10-29T16:26:12","guid":{"rendered":"https:\/\/www.europesays.com\/pt\/131426\/"},"modified":"2025-10-29T16:26:12","modified_gmt":"2025-10-29T16:26:12","slug":"vem-ai-em-a-protegida-aruna-recebe-a-pior-noticia-de-todas-que-a-deixa-de-rastos-novelas","status":"publish","type":"post","link":"https:\/\/www.europesays.com\/pt\/131426\/","title":{"rendered":"Vem a\u00ed em \u00abA Protegida\u00bb: Aruna recebe a pior not\u00edcia de todas, que a deixa de rastos &#8211; Novelas"},"content":{"rendered":"<p>Em \u00abA Protegida\u00bb, Aruna\u00a0<a href=\"https:\/\/tvi.iol.pt\/novelas\/videos\/aruna-para-virgilio-vamos-ter-de-confiar-no-destino\/67f40ac00cf216cd3ad3455d\" rel=\"nofollow noopener\" target=\"_blank\">(Noua Wong)<\/a>\u00a0e <a href=\"https:\/\/tvi.iol.pt\/novelas\/videos\/sanjay-e-apanhado-a-roubar-comida\/67ed5b3f0cf20ac1d5f2fac7\" rel=\"nofollow noopener\" target=\"_blank\">Sanjay (M\u00e1rio Oliveira)<\/a>\u00a0est\u00e3o ao telefone com o tio e ele confirma que n\u00e3o houve sobreviventes do acidente de avi\u00e3o. Aruna desaba a chorar, pois sente que desiludiu os pais e n\u00e3o queria que as coisas tivessem acabado assim. Sanjay diz-lhe que n\u00e3o fez nada de mal. Ficam os dois a chorar, destru\u00eddos.<\/p>\n<p>Aruna chega lavada em l\u00e1grimas e diz que os pais morreram. <a href=\"https:\/\/tvi.iol.pt\/novelas\/ator\/virgilio-cruz\/67ac83e1d34e3f0bae9a56e3\" rel=\"nofollow noopener\" target=\"_blank\">Virg\u00edlio (Diogo Morgado)<\/a>\u00a0reconforta-a e promete estar sempre ali para ela. Aruna sente-se culpada pela imagem com que os pais ficaram de Virg\u00edlio e pede-lhe para lhe dar alguma coisa para ajudar a suportar a dor. Virg\u00edlio percebe a inten\u00e7\u00e3o dela, mas recusa e diz que ter\u00e1 de fazer o luto s\u00f3bria.<\/p>\n<p>Recorde-se que os pais de Aruna n\u00e3o aceitavam as escolhas da filha:<\/p>\n","protected":false},"excerpt":{"rendered":"Em \u00abA Protegida\u00bb, Aruna\u00a0(Noua Wong)\u00a0e Sanjay (M\u00e1rio Oliveira)\u00a0est\u00e3o ao telefone com o tio e ele confirma que n\u00e3o&hellip;\n","protected":false},"author":2,"featured_media":131427,"comment_status":"","ping_status":"","sticky":false,"template":"","format":"standard","meta":{"footnotes":""},"categories":[142],"tags":[168,160,468,166,4836,114,115,157,167,164,466,465,161,158,165,159,32,33,156,469,163,151,162,4837],"class_list":{"0":"post-131426","1":"post","2":"type-post","3":"status-publish","4":"format-standard","5":"has-post-thumbnail","7":"category-tv","8":"tag-a-protegida","9":"tag-ana-guiomar","10":"tag-aruna","11":"tag-cristina-ferreira","12":"tag-diogo-morgado","13":"tag-entertainment","14":"tag-entretenimento","15":"tag-festa-e-festa","16":"tag-ficcao","17":"tag-jose-fidalgo","18":"tag-mario-oliveira","19":"tag-noua-wong","20":"tag-novelas","21":"tag-para-sempre","22":"tag-pedro-sousa","23":"tag-pedro-teixeira","24":"tag-portugal","25":"tag-pt","26":"tag-queridos-papas","27":"tag-sanjay","28":"tag-tiago-teotonio-pereira","29":"tag-tv","30":"tag-tvi","31":"tag-virgilio"},"share_on_mastodon":{"url":"https:\/\/pubeurope.com\/@pt\/115458394291547927","error":""},"_links":{"self":[{"href":"https:\/\/www.europesays.com\/pt\/wp-json\/wp\/v2\/posts\/131426","targetHints":{"allow":["GET"]}}],"collection":[{"href":"https:\/\/www.europesays.com\/pt\/wp-json\/wp\/v2\/posts"}],"about":[{"href":"https:\/\/www.europesays.com\/pt\/wp-json\/wp\/v2\/types\/post"}],"author":[{"embeddable":true,"href":"https:\/\/www.europesays.com\/pt\/wp-json\/wp\/v2\/users\/2"}],"replies":[{"embeddable":true,"href":"https:\/\/www.europesays.com\/pt\/wp-json\/wp\/v2\/comments?post=131426"}],"version-history":[{"count":0,"href":"https:\/\/www.europesays.com\/pt\/wp-json\/wp\/v2\/posts\/131426\/revisions"}],"wp:featuredmedia":[{"embeddable":true,"href":"https:\/\/www.europesays.com\/pt\/wp-json\/wp\/v2\/media\/131427"}],"wp:attachment":[{"href":"https:\/\/www.europesays.com\/pt\/wp-json\/wp\/v2\/media?parent=131426"}],"wp:term":[{"taxonomy":"category","embeddable":true,"href":"https:\/\/www.europesays.com\/pt\/wp-json\/wp\/v2\/categories?post=131426"},{"taxonomy":"post_tag","embeddable":true,"href":"https:\/\/www.europesays.com\/pt\/wp-json\/wp\/v2\/tags?post=131426"}],"curies":[{"name":"wp","href":"https:\/\/api.w.org\/{rel}","templated":true}]}}