{"id":131429,"date":"2025-10-29T16:29:12","date_gmt":"2025-10-29T16:29:12","guid":{"rendered":"https:\/\/www.europesays.com\/pt\/131429\/"},"modified":"2025-10-29T16:29:12","modified_gmt":"2025-10-29T16:29:12","slug":"salvador-blopa-novo-contrato-no-sporting-muito-perto-de-ser-assinado","status":"publish","type":"post","link":"https:\/\/www.europesays.com\/pt\/131429\/","title":{"rendered":"Salvador Blopa: novo contrato no Sporting muito perto de ser assinado"},"content":{"rendered":"<p>O Sporting tem negocia\u00e7\u00f5es avan\u00e7adas para firmar um novo contrato (de longa dura\u00e7\u00e3o) com Salvador Blopa, que foi a grande figura na goleada leonina por 5-1, frente ao Alverca, na \u00faltima ter\u00e7a-feira, na Ta\u00e7a da Liga, sabe o <strong>Maisfutebol<\/strong>.<\/p>\n<p>A SAD leonina ofereceu h\u00e1 cerca de duas semanas um novo v\u00ednculo com v\u00e1lido por cinco temporadas &#8211; o atual tem dura\u00e7\u00e3o apenas at\u00e9 junho de 2026 &#8211; e, este momento, trabalha apenas para ajustar a quest\u00e3o da cl\u00e1usula de rescis\u00e3o.<\/p>\n<p>Os le\u00f5es querem uma cl\u00e1usula na ordem dos 100 milh\u00f5es de euros, enquanto do lado do jogador a ideia passa preferencialmente por um valor inferior. A diverg\u00eancia, entretanto, n\u00e3o preocupa os envolvidos. Est\u00e3o todos confiantes no acordo.<\/p>\n<p>Aos 18 anos, Salvador Blopa est\u00e1 no Sporting desde os dez anos de idade. Passou por todos os escal\u00f5es dos le\u00f5es e estreou-se em alto n\u00edvel pela equipa principal contra o Alverca.<\/p>\n","protected":false},"excerpt":{"rendered":"O Sporting tem negocia\u00e7\u00f5es avan\u00e7adas para firmar um novo contrato (de longa dura\u00e7\u00e3o) com Salvador Blopa, que foi&hellip;\n","protected":false},"author":2,"featured_media":131430,"comment_status":"","ping_status":"","sticky":false,"template":"","format":"standard","meta":{"footnotes":""},"categories":[87],"tags":[135,36,46,42,32,33,47,29845,34,134,35],"class_list":{"0":"post-131429","1":"post","2":"type-post","3":"status-publish","4":"format-standard","5":"has-post-thumbnail","7":"category-desporto","8":"tag-desporto","9":"tag-liga","10":"tag-maisfutebol","11":"tag-mercado","12":"tag-portugal","13":"tag-pt","14":"tag-pura-paixao","15":"tag-salvador-blopa","16":"tag-sporting","17":"tag-sports","18":"tag-transferencias"},"share_on_mastodon":{"url":"https:\/\/pubeurope.com\/@pt\/115458406193848230","error":""},"_links":{"self":[{"href":"https:\/\/www.europesays.com\/pt\/wp-json\/wp\/v2\/posts\/131429","targetHints":{"allow":["GET"]}}],"collection":[{"href":"https:\/\/www.europesays.com\/pt\/wp-json\/wp\/v2\/posts"}],"about":[{"href":"https:\/\/www.europesays.com\/pt\/wp-json\/wp\/v2\/types\/post"}],"author":[{"embeddable":true,"href":"https:\/\/www.europesays.com\/pt\/wp-json\/wp\/v2\/users\/2"}],"replies":[{"embeddable":true,"href":"https:\/\/www.europesays.com\/pt\/wp-json\/wp\/v2\/comments?post=131429"}],"version-history":[{"count":0,"href":"https:\/\/www.europesays.com\/pt\/wp-json\/wp\/v2\/posts\/131429\/revisions"}],"wp:featuredmedia":[{"embeddable":true,"href":"https:\/\/www.europesays.com\/pt\/wp-json\/wp\/v2\/media\/131430"}],"wp:attachment":[{"href":"https:\/\/www.europesays.com\/pt\/wp-json\/wp\/v2\/media?parent=131429"}],"wp:term":[{"taxonomy":"category","embeddable":true,"href":"https:\/\/www.europesays.com\/pt\/wp-json\/wp\/v2\/categories?post=131429"},{"taxonomy":"post_tag","embeddable":true,"href":"https:\/\/www.europesays.com\/pt\/wp-json\/wp\/v2\/tags?post=131429"}],"curies":[{"name":"wp","href":"https:\/\/api.w.org\/{rel}","templated":true}]}}