{"id":131431,"date":"2025-10-29T16:30:14","date_gmt":"2025-10-29T16:30:14","guid":{"rendered":"https:\/\/www.europesays.com\/pt\/131431\/"},"modified":"2025-10-29T16:30:14","modified_gmt":"2025-10-29T16:30:14","slug":"academicos-ganham-premio-de-inovacao-em-saude","status":"publish","type":"post","link":"https:\/\/www.europesays.com\/pt\/131431\/","title":{"rendered":"Acad\u00eamicos ganham pr\u00eamio de Inova\u00e7\u00e3o em Sa\u00fade"},"content":{"rendered":"<p>Uma das atra\u00e7\u00f5es do <strong><a href=\"https:\/\/www.folhavitoria.com.br\/saude\/futuro-da-medicina-e-ia-foram-pautas-do-rede-saude-summit\/\" rel=\"nofollow noopener\" target=\"_blank\">Rede Sa\u00fade Summit 2025<\/a><\/strong>, realizado na \u00faltima quinta-feira (23), no Sheraton Vit\u00f3ria Hotel, foi a <strong>premia\u00e7\u00e3o do Pr\u00eamio de Inova\u00e7\u00e3o Rede Sa\u00fade Acad\u00eamica<\/strong>, que reconhece projetos criativos desenvolvidos por estudantes com potencial de impacto no setor da sa\u00fade. O Trof\u00e9u Rede Sa\u00fade de Inova\u00e7\u00e3o foi entregue no palco do evento, em meio a uma plateia formada por l\u00edderes, empres\u00e1rios, profissionais e jovens talentos que est\u00e3o moldando o futuro da sa\u00fade capixaba.<\/p>\n<p>O <strong>projeto vencedor<\/strong> da edi\u00e7\u00e3o 2025 foi o <strong>SinaLib<\/strong>, idealizado pela <strong>Equipe SinaLib<\/strong>, formada pelos irm\u00e3os <strong>Lorena Leite Colli Pedroso<\/strong> e <strong>Rodrigo Leite Colli Pedroso<\/strong>, estudantes da Faesa. Lorena tem 21 anos e cursa Psicologia, enquanto Rodrigo est\u00e1 no segundo per\u00edodo de Ci\u00eancia da Computa\u00e7\u00e3o. Juntos, eles uniram tecnologia e empatia para propor uma solu\u00e7\u00e3o inovadora para o cuidado em sa\u00fade.<\/p>\n<p>SinaLib: A Solu\u00e7\u00e3o Inovadora para Surdos<\/p>\n<p>O <strong>SinaLib<\/strong> \u00e9 um aplicativo que visa reduzir as barreiras de comunica\u00e7\u00e3o e acesso das pessoas surdas aos servi\u00e7os de sa\u00fade por meio da populariza\u00e7\u00e3o de <a href=\"https:\/\/www.folhavitoria.com.br\/tag\/libras\/\" rel=\"nofollow noopener\" target=\"_blank\">Libras<\/a> entre as equipes de atendimento, oferecendo tr\u00eas funcionalidades: tradutor Libras-portugu\u00eas (com reconhecimento de sinais por meio de machine learning potencializado por IA), mapa interativo dos servi\u00e7os de sa\u00fade (com destaque \u00e0queles que possuem profissionais capacitados em Libras) e gloss\u00e1rio de sinais (para a pr\u00e1tica e educa\u00e7\u00e3o em Libras)<\/p>\n<p>De acordo os estudantes e irm\u00e3os <strong>Lorena<\/strong> e <strong>Rodrigo<\/strong>, o projeto nasceu da percep\u00e7\u00e3o de que a barreira lingu\u00edstica ainda \u00e9 um dos maiores desafios no atendimento humanizado, especialmente nos servi\u00e7os p\u00fablicos de sa\u00fade.<\/p>\n<p>Para <strong>Lorena<\/strong>, participar do Rede Sa\u00fade Acad\u00eamica foi uma experi\u00eancia transformadora. \u201cFoi uma experi\u00eancia incr\u00edvel, principalmente por dividir tudo com meu irm\u00e3o, desde a ideia, mentoria, apresenta\u00e7\u00e3o e, claro, o pr\u00eamio! Poder desenvolver um projeto t\u00e3o especial unindo nossas duas \u00e1reas foi muito importante. Levar a inclus\u00e3o de pessoas surdas e o reconhecimento da Libras, que \u00e9 uma l\u00edngua oficial brasileira, para um evento t\u00e3o relevante foi emocionante\u201d, ressalta a estudante de psicologia.<\/p>\n<p>Os irm\u00e3os destacam que estar no palco do evento, diante de profissionais, gestores e estudantes de diversas \u00e1reas, foi uma oportunidade \u00fanica de aprendizado e conex\u00e3o.<\/p>\n<p>Al\u00e9m do reconhecimento, o pr\u00eamio oferece visibilidade e incentivo para o aprimoramento da proposta e para a aproxima\u00e7\u00e3o com o ecossistema de inova\u00e7\u00e3o em sa\u00fade capixaba.<\/p>\n<p>Pr\u00f3ximos Passos e o Futuro do SinaLib<\/p>\n<p>Com o trof\u00e9u em m\u00e3os, a <strong>Equipe SinaLib<\/strong> pretende agora aperfei\u00e7oar o prot\u00f3tipo e buscar parcerias com institui\u00e7\u00f5es de sa\u00fade e universidades para aplicar o sistema em ambientes reais de atendimento. A meta \u00e9 validar a ferramenta com profissionais de diferentes especialidades e tornar o SinaLib uma solu\u00e7\u00e3o acess\u00edvel em unidades p\u00fablicas e privadas.<\/p>\n<p>Sobre os pr\u00f3ximos passos, <strong>Rodrigo<\/strong> comenta que \u00e9 dar continuidade ao desenvolvimento do projeto. \u201cCom a ajuda dos profissionais e empresas que estavam presentes e, algumas j\u00e1 sinalizaram interesse em nos apoiar\u201d, comenta o estudante.<\/p>\n<p>O <strong>Pr\u00eamio Rede Sa\u00fade Acad\u00eamica<\/strong> sintetiza o prop\u00f3sito do pr\u00eamio \u2014 estimular a inova\u00e7\u00e3o com impacto social e inspirar novas gera\u00e7\u00f5es a transformar a sa\u00fade por meio do conhecimento e da criatividade.<\/p>\n","protected":false},"excerpt":{"rendered":"Uma das atra\u00e7\u00f5es do Rede Sa\u00fade Summit 2025, realizado na \u00faltima quinta-feira (23), no Sheraton Vit\u00f3ria Hotel, foi&hellip;\n","protected":false},"author":2,"featured_media":131432,"comment_status":"","ping_status":"","sticky":false,"template":"","format":"standard","meta":{"footnotes":""},"categories":[86],"tags":[3665,116,2172,32,33,117,29846],"class_list":{"0":"post-131431","1":"post","2":"type-post","3":"status-publish","4":"format-standard","5":"has-post-thumbnail","7":"category-saude","8":"tag-estudantes","9":"tag-health","10":"tag-inovacao","11":"tag-portugal","12":"tag-pt","13":"tag-saude","14":"tag-saude-es"},"share_on_mastodon":{"url":"https:\/\/pubeurope.com\/@pt\/115458410109137968","error":""},"_links":{"self":[{"href":"https:\/\/www.europesays.com\/pt\/wp-json\/wp\/v2\/posts\/131431","targetHints":{"allow":["GET"]}}],"collection":[{"href":"https:\/\/www.europesays.com\/pt\/wp-json\/wp\/v2\/posts"}],"about":[{"href":"https:\/\/www.europesays.com\/pt\/wp-json\/wp\/v2\/types\/post"}],"author":[{"embeddable":true,"href":"https:\/\/www.europesays.com\/pt\/wp-json\/wp\/v2\/users\/2"}],"replies":[{"embeddable":true,"href":"https:\/\/www.europesays.com\/pt\/wp-json\/wp\/v2\/comments?post=131431"}],"version-history":[{"count":0,"href":"https:\/\/www.europesays.com\/pt\/wp-json\/wp\/v2\/posts\/131431\/revisions"}],"wp:featuredmedia":[{"embeddable":true,"href":"https:\/\/www.europesays.com\/pt\/wp-json\/wp\/v2\/media\/131432"}],"wp:attachment":[{"href":"https:\/\/www.europesays.com\/pt\/wp-json\/wp\/v2\/media?parent=131431"}],"wp:term":[{"taxonomy":"category","embeddable":true,"href":"https:\/\/www.europesays.com\/pt\/wp-json\/wp\/v2\/categories?post=131431"},{"taxonomy":"post_tag","embeddable":true,"href":"https:\/\/www.europesays.com\/pt\/wp-json\/wp\/v2\/tags?post=131431"}],"curies":[{"name":"wp","href":"https:\/\/api.w.org\/{rel}","templated":true}]}}