{"id":131455,"date":"2025-10-29T16:48:08","date_gmt":"2025-10-29T16:48:08","guid":{"rendered":"https:\/\/www.europesays.com\/pt\/131455\/"},"modified":"2025-10-29T16:48:08","modified_gmt":"2025-10-29T16:48:08","slug":"idosa-encontrada-morta-em-ilha-tropical-depois-de-cruzeiro-partir-sem-ela","status":"publish","type":"post","link":"https:\/\/www.europesays.com\/pt\/131455\/","title":{"rendered":"Idosa encontrada morta em ilha tropical depois de cruzeiro partir sem ela"},"content":{"rendered":"<p>\t                A Ilha do Lagarto oferece vistas panor\u00e2micas, recifes de coral e alojamentos de luxo na costa norte de Queensland<\/p>\n<p style=\"margin-bottom:11px\">Uma passageira de um cruzeiro, com cerca de 80 anos de idade, que tinha embarcado numa viagem de luxo de 60 dias pela Austr\u00e1lia, foi encontrada morta depois de ter sido deixada para tr\u00e1s numa ilha tropical.<\/p>\n<p>A passageira, cujo nome n\u00e3o foi divulgado, foi dada com desaparecida \u00e0s autoridades na noite do passado s\u00e1bado, ap\u00f3s uma verifica\u00e7\u00e3o de quem estava a bordo no navio de cruzeiro Coral Adventurer, onde se percebeu que faltava a idosa.<\/p>\n<p>A embarca\u00e7\u00e3o tinha atracado na manh\u00e3 de s\u00e1bado da Ilha do Lagarto, uma ilha tur\u00edstica a cerca de 30 quil\u00f3metros da costa de Queensland, conhecida pela sua beleza natural e pelos alojamentos de luxo.<\/p>\n<p>A Pol\u00edcia de Queensland confirmou que o corpo da mulher foi encontrado na Ilha do Lagarto no passado domingo, descrevendo a morte como &#8220;s\u00fabita e sem suspeitas&#8221;.<\/p>\n<p>Contudo, n\u00e3o \u00e9 claro quando \u00e9 que esta idosa morreu, nem porque n\u00e3o houve ningu\u00e9m a aperceber-se que ela n\u00e3o estava a bordo do cruzeiro quando este partiu da Ilha do Lagarto.<\/p>\n<p>A Autoridade Australiana de Seguran\u00e7a Mar\u00edtima (AMSA, na sigla original) afirmou que investiga\u00e7\u00e3o que tem em curso ir\u00e1 considerar \u201cas circunst\u00e2ncias que levaram ao facto de a passageira n\u00e3o ter sido contabilizada durante o embarque\u201d.<\/p>\n<p>Os registos mostram que o Coral Adventurer, com capacidade para 120 passageiros e 46 tripulantes, tinha partido do porto de Cairns apenas um dia antes, a 24 de outubro.<\/p>\n<p>A Ilha do Lagarto foi uma das primeiras paragens deste cruzeiro, que custa 80 mil d\u00f3lares australianos (cerca de 45 mil euros), levando passageiros \u00e0 volta do pa\u00eds. Passava pela ponta norte do Cabo York, em dire\u00e7\u00e3o \u00e0 costa ocidental da Austr\u00e1lia.<\/p>\n<p>A empresa de cruzeiros Coral Expeditions anuncia a Ilha do Lagarto como um local onde os passageiros podem nadar, mergulhar, fazer snorkel ou uma caminhada at\u00e9 ao &#8220;Miradouro de Cook&#8221; para apreciar vistas panor\u00e2micas.<\/p>\n<p>N\u00e3o ficou ainda claro se a idosa participou em alguma das atividades anunciadas enquanto estava na ilha.<\/p>\n<p>A empresa opera h\u00e1 mais de 40 anos e oferece cruzeiros na Austr\u00e1lia, bem como em outros destinos. O presidente executivo da Coral Expeditions, Mark Fifield, afirmou, em comunicado, busca &#8220;por terra e por mar&#8221; foi iniciada mal a tripula\u00e7\u00e3o descobriu que a mulher estava desaparecida.<\/p>\n<p>A AMSA j\u00e1 informou ter iniciado buscas conjuntas com a Pol\u00edcia de Queensland, ap\u00f3s o capit\u00e3o do navio ter relatado o desaparecimento da mulher \u00e0s autoridades \u00e0s 21:00 de s\u00e1bado.<\/p>\n<p>A pol\u00edcia de Queensland concretizou que a mulher foi dada como desaparecida \u201cdepois de n\u00e3o ter entrado a bordo de uma embarca\u00e7\u00e3o nas \u00e1guas de Queensland no in\u00edcio da manh\u00e3 de s\u00e1bado\u201d.<\/p>\n<p>A AMSA revelou que a tripula\u00e7\u00e3o vai ser interrogada quando o navio atracar em Darwin. A programa\u00e7\u00e3o do porto indica que a chegada est\u00e1 prevista para 2 de novembro.<\/p>\n<p>Fifield, da Coral Expeditions, insistiu que a empresa est\u00e1 \u201cprofundamente consternada com o sucedido\u201d.<\/p>\n","protected":false},"excerpt":{"rendered":"A Ilha do Lagarto oferece vistas panor\u00e2micas, recifes de coral e alojamentos de luxo na costa norte de&hellip;\n","protected":false},"author":2,"featured_media":131456,"comment_status":"","ping_status":"","sticky":false,"template":"","format":"standard","meta":{"footnotes":""},"categories":[50],"tags":[609,836,611,2337,27,28,607,608,333,832,604,29818,135,610,476,15,16,301,830,14,603,25,26,570,21,22,831,833,1437,62,834,12,13,19,20,835,602,52,32,23,24,17,18,29,30,31,1080,63,64,65],"class_list":{"0":"post-131455","1":"post","2":"type-post","3":"status-publish","4":"format-standard","5":"has-post-thumbnail","7":"category-mundo","8":"tag-alerta","9":"tag-analise","10":"tag-ao-minuto","11":"tag-australia","12":"tag-breaking-news","13":"tag-breakingnews","14":"tag-cnn","15":"tag-cnn-portugal","16":"tag-comentadores","17":"tag-costa","18":"tag-crime","19":"tag-cruzeiros","20":"tag-desporto","21":"tag-direto","22":"tag-economia","23":"tag-featured-news","24":"tag-featurednews","25":"tag-governo","26":"tag-guerra","27":"tag-headlines","28":"tag-justica","29":"tag-latest-news","30":"tag-latestnews","31":"tag-live","32":"tag-main-news","33":"tag-mainnews","34":"tag-mais-vistas","35":"tag-marcelo","36":"tag-morte","37":"tag-mundo","38":"tag-negocios","39":"tag-news","40":"tag-noticias","41":"tag-noticias-principais","42":"tag-noticiasprincipais","43":"tag-opiniao","44":"tag-pais","45":"tag-politica","46":"tag-portugal","47":"tag-principais-noticias","48":"tag-principaisnoticias","49":"tag-top-stories","50":"tag-topstories","51":"tag-ultimas","52":"tag-ultimas-noticias","53":"tag-ultimasnoticias","54":"tag-viagens","55":"tag-world","56":"tag-world-news","57":"tag-worldnews"},"share_on_mastodon":{"url":"","error":"Validation failed: Text character limit of 500 exceeded"},"_links":{"self":[{"href":"https:\/\/www.europesays.com\/pt\/wp-json\/wp\/v2\/posts\/131455","targetHints":{"allow":["GET"]}}],"collection":[{"href":"https:\/\/www.europesays.com\/pt\/wp-json\/wp\/v2\/posts"}],"about":[{"href":"https:\/\/www.europesays.com\/pt\/wp-json\/wp\/v2\/types\/post"}],"author":[{"embeddable":true,"href":"https:\/\/www.europesays.com\/pt\/wp-json\/wp\/v2\/users\/2"}],"replies":[{"embeddable":true,"href":"https:\/\/www.europesays.com\/pt\/wp-json\/wp\/v2\/comments?post=131455"}],"version-history":[{"count":0,"href":"https:\/\/www.europesays.com\/pt\/wp-json\/wp\/v2\/posts\/131455\/revisions"}],"wp:featuredmedia":[{"embeddable":true,"href":"https:\/\/www.europesays.com\/pt\/wp-json\/wp\/v2\/media\/131456"}],"wp:attachment":[{"href":"https:\/\/www.europesays.com\/pt\/wp-json\/wp\/v2\/media?parent=131455"}],"wp:term":[{"taxonomy":"category","embeddable":true,"href":"https:\/\/www.europesays.com\/pt\/wp-json\/wp\/v2\/categories?post=131455"},{"taxonomy":"post_tag","embeddable":true,"href":"https:\/\/www.europesays.com\/pt\/wp-json\/wp\/v2\/tags?post=131455"}],"curies":[{"name":"wp","href":"https:\/\/api.w.org\/{rel}","templated":true}]}}