{"id":131457,"date":"2025-10-29T16:49:10","date_gmt":"2025-10-29T16:49:10","guid":{"rendered":"https:\/\/www.europesays.com\/pt\/131457\/"},"modified":"2025-10-29T16:49:10","modified_gmt":"2025-10-29T16:49:10","slug":"libertados-suspeitos-de-ligacoes-a-lancha-que-matou-militar-da-gnr","status":"publish","type":"post","link":"https:\/\/www.europesays.com\/pt\/131457\/","title":{"rendered":"Libertados suspeitos de liga\u00e7\u00f5es a lancha que matou militar da GNR"},"content":{"rendered":"<p>                A informa\u00e7\u00e3o foi <b>confirmada por fonte da Pol\u00edcia Judici\u00e1ria \u00e0 Antena 1<\/b>. A mesma fonte indica que as <b>dilig\u00eancias prosseguem no terreno<\/b> para tentar localizar os autores do crime.<\/p>\n<p>Os dois suspeitos agora libertados<b> foram detidos na tarde<\/b> <b>de ter\u00e7a-feira<\/b>, na ponte internacional que atravessa o Rio Guadiana.Os dois homens, de nacionalidade espanhola, estavam referenciados por tr\u00e1fico de droga. <b><br \/>&#13;<br \/>\n<\/b><br \/>\n<br \/>\nDe acordo com as informa\u00e7\u00f5es divulgadas pela GNR, <b>na viatura em que circulavam<\/b> foram encontradas <b>grandes quantidades de dinheiro<\/b>.<\/p>\n<p>&#13;<br \/>\nOs dois homens foram libertados <b>&#8220;por n\u00e3o existirem evid\u00eancias de estarem envolvidos&#8221;<\/b> no abalroamento da embarca\u00e7\u00e3o da GNR, adianta fonte da PJ \u00e0 Lusa.&#13;\n<\/p>\n<p>\n<b>Um militar da GNR morreu e tr\u00eas ficaram feridos<\/b> na segunda-feira \u00e0 noite.<\/p>\n<p>A <b>embarca\u00e7\u00e3o em que seguiam foi abalroada por uma lancha<\/b> de alta velocidade detetada no rio Guadiana, em Alcoutim. <\/p>\n<p>Ap\u00f3s o embate, a lancha foi<b> encontrada a arder a duas milhas<\/b> (quase quatro quil\u00f3metros) do local do embate. Os ocupantes fugiram e <b>ainda n\u00e3o foram capturados<\/b>. <\/p>\n","protected":false},"excerpt":{"rendered":"A informa\u00e7\u00e3o foi confirmada por fonte da Pol\u00edcia Judici\u00e1ria \u00e0 Antena 1. A mesma fonte indica que as&hellip;\n","protected":false},"author":2,"featured_media":131458,"comment_status":"","ping_status":"","sticky":false,"template":"","format":"standard","meta":{"footnotes":""},"categories":[10],"tags":[27,28,2619,15,16,2002,29444,14,29848,25,26,21,22,12,13,19,20,2445,32,23,24,33,29849,17,18,29,30,31],"class_list":{"0":"post-131457","1":"post","2":"type-post","3":"status-publish","4":"format-standard","5":"has-post-thumbnail","7":"category-portugal","8":"tag-breaking-news","9":"tag-breakingnews","10":"tag-detidos","11":"tag-featured-news","12":"tag-featurednews","13":"tag-gnr","14":"tag-guadiana","15":"tag-headlines","16":"tag-lancha","17":"tag-latest-news","18":"tag-latestnews","19":"tag-main-news","20":"tag-mainnews","21":"tag-news","22":"tag-noticias","23":"tag-noticias-principais","24":"tag-noticiasprincipais","25":"tag-policia-judiciaria","26":"tag-portugal","27":"tag-principais-noticias","28":"tag-principaisnoticias","29":"tag-pt","30":"tag-suspeitos","31":"tag-top-stories","32":"tag-topstories","33":"tag-ultimas","34":"tag-ultimas-noticias","35":"tag-ultimasnoticias"},"share_on_mastodon":{"url":"https:\/\/pubeurope.com\/@pt\/115458484778189247","error":""},"_links":{"self":[{"href":"https:\/\/www.europesays.com\/pt\/wp-json\/wp\/v2\/posts\/131457","targetHints":{"allow":["GET"]}}],"collection":[{"href":"https:\/\/www.europesays.com\/pt\/wp-json\/wp\/v2\/posts"}],"about":[{"href":"https:\/\/www.europesays.com\/pt\/wp-json\/wp\/v2\/types\/post"}],"author":[{"embeddable":true,"href":"https:\/\/www.europesays.com\/pt\/wp-json\/wp\/v2\/users\/2"}],"replies":[{"embeddable":true,"href":"https:\/\/www.europesays.com\/pt\/wp-json\/wp\/v2\/comments?post=131457"}],"version-history":[{"count":0,"href":"https:\/\/www.europesays.com\/pt\/wp-json\/wp\/v2\/posts\/131457\/revisions"}],"wp:featuredmedia":[{"embeddable":true,"href":"https:\/\/www.europesays.com\/pt\/wp-json\/wp\/v2\/media\/131458"}],"wp:attachment":[{"href":"https:\/\/www.europesays.com\/pt\/wp-json\/wp\/v2\/media?parent=131457"}],"wp:term":[{"taxonomy":"category","embeddable":true,"href":"https:\/\/www.europesays.com\/pt\/wp-json\/wp\/v2\/categories?post=131457"},{"taxonomy":"post_tag","embeddable":true,"href":"https:\/\/www.europesays.com\/pt\/wp-json\/wp\/v2\/tags?post=131457"}],"curies":[{"name":"wp","href":"https:\/\/api.w.org\/{rel}","templated":true}]}}