{"id":131465,"date":"2025-10-29T16:57:09","date_gmt":"2025-10-29T16:57:09","guid":{"rendered":"https:\/\/www.europesays.com\/pt\/131465\/"},"modified":"2025-10-29T16:57:09","modified_gmt":"2025-10-29T16:57:09","slug":"sporting-salvador-blopa-bate-marca-com-88-anos-de-peyroteo","status":"publish","type":"post","link":"https:\/\/www.europesays.com\/pt\/131465\/","title":{"rendered":"Sporting: Salvador Blopa bate marca com 88 anos de Peyroteo"},"content":{"rendered":"<p>Com dois golos na <a href=\"https:\/\/maisfutebol.iol.pt\/jogo\/aominuto\/sporting\/alverca\/13826205\" target=\"_blank\" rel=\"nofollow noopener\"><strong>vit\u00f3ria por 5-1 ante o Alverca<\/strong><\/a>, na noite de ter\u00e7a-feira, Salvador Blopa brilhou e fez hist\u00f3ria na estreia pela equipa principal do Sporting, ao tornar-se o mais jovem le\u00e3o de sempre a bisar no primeiro jogo pela equipa principal.<\/p>\n<p>Blopa, que fez o segundo e quarto golos do Sporting no jogo dos quartos de final da Ta\u00e7a da Liga, bisou na estreia aos 18 anos, quatro meses e 15 dias.<\/p>\n<p>Deste modo, o jovem dos verde e brancos superou uma marca com cerca de 88 anos e que pertencia a uma figura do clube nas d\u00e9cadas de 30 e 40 do \u00faltimo s\u00e9culo: Fernando Peyroteo, que bisou na goleada por 7-0 ao Casa Pia, em 1937, na \u00e9poca 1937\/38, na sua estreia. Tinha 19 anos.<\/p>\n","protected":false},"excerpt":{"rendered":"Com dois golos na vit\u00f3ria por 5-1 ante o Alverca, na noite de ter\u00e7a-feira, Salvador Blopa brilhou e&hellip;\n","protected":false},"author":2,"featured_media":131466,"comment_status":"","ping_status":"","sticky":false,"template":"","format":"standard","meta":{"footnotes":""},"categories":[87],"tags":[29850,135,29852,46,29851,32,33,47,29845,34,134],"class_list":{"0":"post-131465","1":"post","2":"type-post","3":"status-publish","4":"format-standard","5":"has-post-thumbnail","7":"category-desporto","8":"tag-blopa","9":"tag-desporto","10":"tag-golos-blopa","11":"tag-maisfutebol","12":"tag-peyroteo","13":"tag-portugal","14":"tag-pt","15":"tag-pura-paixao","16":"tag-salvador-blopa","17":"tag-sporting","18":"tag-sports"},"share_on_mastodon":{"url":"https:\/\/pubeurope.com\/@pt\/115458516355303060","error":""},"_links":{"self":[{"href":"https:\/\/www.europesays.com\/pt\/wp-json\/wp\/v2\/posts\/131465","targetHints":{"allow":["GET"]}}],"collection":[{"href":"https:\/\/www.europesays.com\/pt\/wp-json\/wp\/v2\/posts"}],"about":[{"href":"https:\/\/www.europesays.com\/pt\/wp-json\/wp\/v2\/types\/post"}],"author":[{"embeddable":true,"href":"https:\/\/www.europesays.com\/pt\/wp-json\/wp\/v2\/users\/2"}],"replies":[{"embeddable":true,"href":"https:\/\/www.europesays.com\/pt\/wp-json\/wp\/v2\/comments?post=131465"}],"version-history":[{"count":0,"href":"https:\/\/www.europesays.com\/pt\/wp-json\/wp\/v2\/posts\/131465\/revisions"}],"wp:featuredmedia":[{"embeddable":true,"href":"https:\/\/www.europesays.com\/pt\/wp-json\/wp\/v2\/media\/131466"}],"wp:attachment":[{"href":"https:\/\/www.europesays.com\/pt\/wp-json\/wp\/v2\/media?parent=131465"}],"wp:term":[{"taxonomy":"category","embeddable":true,"href":"https:\/\/www.europesays.com\/pt\/wp-json\/wp\/v2\/categories?post=131465"},{"taxonomy":"post_tag","embeddable":true,"href":"https:\/\/www.europesays.com\/pt\/wp-json\/wp\/v2\/tags?post=131465"}],"curies":[{"name":"wp","href":"https:\/\/api.w.org\/{rel}","templated":true}]}}