{"id":131469,"date":"2025-10-29T16:59:13","date_gmt":"2025-10-29T16:59:13","guid":{"rendered":"https:\/\/www.europesays.com\/pt\/131469\/"},"modified":"2025-10-29T16:59:13","modified_gmt":"2025-10-29T16:59:13","slug":"nas-costas-bruno-diz-que-liliana-e-marisa-susana-sao-aberracoes-da-natureza-ridiculas-de-nascenca","status":"publish","type":"post","link":"https:\/\/www.europesays.com\/pt\/131469\/","title":{"rendered":"Nas costas, Bruno diz que Liliana e Marisa Susana s\u00e3o &#8220;aberra\u00e7\u00f5es da natureza&#8221;: &#8220;Rid\u00edculas de nascen\u00e7a&#8230;&#8221;"},"content":{"rendered":"<p>Na tarde desta ter\u00e7a-feira, 28 de outubro, Bruno conversou com Dylan no jardim da casa do Secret Story 9 e n\u00e3o poupou nas cr\u00edticas tanto a Liliana como a Marisa Susana.<\/p>\n<p>Nas costas das duas concorrentes, o ex-futebolista come\u00e7ou por considerar: \u201c<strong>S\u00e3o as duas, as duas rid\u00edculas. Coitadas, os pap\u00e9is que fazem s\u00e3o mesmo miser\u00e1veis<\/strong>\u201c. Dylan reagiu: \u201c<strong>Papeleiros mesmo. Como \u00e9 que conseguem andar o dia todo? \u00c9 s\u00f3 isso que eu n\u00e3o entendo<\/strong>\u201c.<\/p>\n<p>Sem rodeios, Bruno atirou: \u201c<strong>\u00c9 f\u00e1cil, mano. S\u00e3o rid\u00edculas de nascen\u00e7a. \u00c9 inato, n\u00e3o s\u00e3o pap\u00e9is, i<\/strong><strong>sto j\u00e1 nasce contigo. L\u00e1 fora deve ser insuport\u00e1vel na mesma, aqui redobra<\/strong>\u201c.<\/p>\n<p>O concorrente foi mais longe e referiu que Liliana e Marisa Susana \u201c<strong>acham que o programa \u00e9 feito de aparecer muitas vezes, feitas parvas, aos gritos, e a mandar piadinhas<\/strong>\u201c: \u201c<strong>Pior que isso \u00e9 um gajo que tem que levar com essas aberra\u00e7\u00f5es da natureza. Aquela, coitadinha, acha que eu tenho algum interesse sequer em fazer pazes com ela. Rid\u00edcula!<\/strong>\u201c.<\/p>\n<p><a href=\"https:\/\/tvi.iol.pt\/secretstory\/videos\/sao-mesmo-ridiculas-bruno-simao-arrasa-concorrentes\/6900e12c0cf29d28d82991fe\" target=\"_blank\" rel=\"noopener nofollow\">Veja o v\u00eddeo aqui<\/a>.<\/p>\n<blockquote class=\"instagram-media\" style=\"background: #FFF; border: 0; border-radius: 3px; box-shadow: 0 0 1px 0 rgba(0,0,0,0.5),0 1px 10px 0 rgba(0,0,0,0.15); margin: 1px; max-width: 540px; min-width: 326px; padding: 0; width: calc(100% - 2px);\" data-instgrm-captioned=\"\" data-instgrm-permalink=\"https:\/\/www.instagram.com\/reel\/DQXFTdEDK80\/?utm_source=ig_embed&amp;utm_campaign=loading\" data-instgrm-version=\"14\">\n<\/blockquote>\n<p>\t\t\t\t\t\t\t\t\t\t\t\t\t\t\t\t\t\t\t\t\t\t\t\t\t\t\t<script async src=\"\/\/www.instagram.com\/embed.js\"><\/script><\/p>\n","protected":false},"excerpt":{"rendered":"Na tarde desta ter\u00e7a-feira, 28 de outubro, Bruno conversou com Dylan no jardim da casa do Secret Story&hellip;\n","protected":false},"author":2,"featured_media":131470,"comment_status":"","ping_status":"","sticky":false,"template":"","format":"standard","meta":{"footnotes":""},"categories":[85],"tags":[3768,29853,114,115,19016,19153,32,33],"class_list":{"0":"post-131469","1":"post","2":"type-post","3":"status-publish","4":"format-standard","5":"has-post-thumbnail","7":"category-entretenimento","8":"tag-bruno","9":"tag-costas","10":"tag-entertainment","11":"tag-entretenimento","12":"tag-liliana","13":"tag-marisa-susana","14":"tag-portugal","15":"tag-pt"},"share_on_mastodon":{"url":"https:\/\/pubeurope.com\/@pt\/115458523983437820","error":""},"_links":{"self":[{"href":"https:\/\/www.europesays.com\/pt\/wp-json\/wp\/v2\/posts\/131469","targetHints":{"allow":["GET"]}}],"collection":[{"href":"https:\/\/www.europesays.com\/pt\/wp-json\/wp\/v2\/posts"}],"about":[{"href":"https:\/\/www.europesays.com\/pt\/wp-json\/wp\/v2\/types\/post"}],"author":[{"embeddable":true,"href":"https:\/\/www.europesays.com\/pt\/wp-json\/wp\/v2\/users\/2"}],"replies":[{"embeddable":true,"href":"https:\/\/www.europesays.com\/pt\/wp-json\/wp\/v2\/comments?post=131469"}],"version-history":[{"count":0,"href":"https:\/\/www.europesays.com\/pt\/wp-json\/wp\/v2\/posts\/131469\/revisions"}],"wp:featuredmedia":[{"embeddable":true,"href":"https:\/\/www.europesays.com\/pt\/wp-json\/wp\/v2\/media\/131470"}],"wp:attachment":[{"href":"https:\/\/www.europesays.com\/pt\/wp-json\/wp\/v2\/media?parent=131469"}],"wp:term":[{"taxonomy":"category","embeddable":true,"href":"https:\/\/www.europesays.com\/pt\/wp-json\/wp\/v2\/categories?post=131469"},{"taxonomy":"post_tag","embeddable":true,"href":"https:\/\/www.europesays.com\/pt\/wp-json\/wp\/v2\/tags?post=131469"}],"curies":[{"name":"wp","href":"https:\/\/api.w.org\/{rel}","templated":true}]}}