{"id":131475,"date":"2025-10-29T17:09:09","date_gmt":"2025-10-29T17:09:09","guid":{"rendered":"https:\/\/www.europesays.com\/pt\/131475\/"},"modified":"2025-10-29T17:09:09","modified_gmt":"2025-10-29T17:09:09","slug":"marisa-susana-em-lagrimas-ao-falar-sobre-o-seu-segredo-secret-story","status":"publish","type":"post","link":"https:\/\/www.europesays.com\/pt\/131475\/","title":{"rendered":"Marisa Susana em l\u00e1grimas ao falar sobre o seu segredo &#8211; Secret Story"},"content":{"rendered":"<p>No Secret Story 9, Marisa Susana viveu um dos momentos mais emocionantes da edi\u00e7\u00e3o. A concorrente n\u00e3o conteve as l\u00e1grimas ao falar sobre o seu segredo, abrindo o cora\u00e7\u00e3o com Liliana.<\/p>\n<p>A noite anterior foi marcada pelo<a href=\"https:\/\/tvi.iol.pt\/secretstory\/videos\/o-momento-da-farinha-que-todos-falam-bruno-e-marisa-susana-envolvem-se-num-confronto-aceso\/6901dec10cf29d28d829a0c3\" wbo-id=\"32\" rel=\"nofollow noopener\" target=\"_blank\">\u00a0momento in\u00e9dito e tenso entre Bruno Sim\u00e3o e Marisa Susana.<\/a>\u00a0Marisa Susana e Bruno entraram em confronto por causa de uma ta\u00e7a de farinha. Em causa est\u00e1 uma ta\u00e7a com farinha que Marisa Susana queria usar para fazer p\u00e3o, mas Bruno n\u00e3o deixou porque alega que a farinha \u00e9 do seu grupo. O clima aqueceu!\u00a0<a href=\"https:\/\/tvi.iol.pt\/secretstory\/videos\/a-farinha-no-centro-da-polemica-apos-confronto-intenso-com-bruno-marisa-susana-acaba-em-lagrimas\/6901e26b0cf29d28d829a0cd\" wbo-id=\"33\" rel=\"nofollow noopener\" target=\"_blank\">Ap\u00f3s esse momento carregado de tens\u00e3o, Marisa Susana acabou em l\u00e1grimas e foi reconfortada pelos amigos.<\/a>\u00a0No quarto azul,\u00a0<a href=\"https:\/\/tvi.iol.pt\/secretstory\/videos\/o-braco-esta-arranhado-liliana-repara-em-marisa-susana-apos-caos-protagonizado-com-bruno\/6901e70f0cf29d28d829a0d6\" wbo-id=\"34\" rel=\"nofollow noopener\" target=\"_blank\">Liliana reparou no bra\u00e7o de Marisa Susana<\/a>\u00a0e fez um coment\u00e1rio. C\u00e1 fora, j\u00e1 s\u00f3 rodeada de Marisa e Leandro,\u00a0<a href=\"https:\/\/tvi.iol.pt\/secretstory\/videos\/com-os-olhos-esbugalhados-para-mim-ia-fazer-o-que-ele-nao-me-agarra-marisa-susana-reage-a-tensao-com-bruno\/6901f1080cf285ab53a6d4ac\" wbo-id=\"35\" rel=\"nofollow noopener\" target=\"_blank\">Marisa Susana desabafou e reagiu ao momento carregado de tens\u00e3o que viveu com Bruno Sim\u00e3o.<\/a><\/p>\n<p><strong>H\u00e1 seis concorrentes em risco de expuls\u00e3o no pr\u00f3ximo domingo:<\/strong><\/p>\n<p>ANA \u2013 761 20 20 01<br \/>BRUNO \u2013 761 20 20 04<br \/>MARIANA \u2013 761 20 20 15<br \/>MARISA \u2013 761 20 20 16<br \/>MARISA SUSANA \u2013 761 20 20 17<br \/>PEDRO \u2013 761 20 20 18<\/p>\n<p><a href=\"https:\/\/tvi.iol.pt\/secretstory\/aominuto\" wbo-id=\"36\" rel=\"nofollow noopener\" target=\"_blank\">Acompanhe aqui tudo o que se passa na casa ao minuto!<\/a><\/p>\n","protected":false},"excerpt":{"rendered":"No Secret Story 9, Marisa Susana viveu um dos momentos mais emocionantes da edi\u00e7\u00e3o. A concorrente n\u00e3o conteve&hellip;\n","protected":false},"author":2,"featured_media":131476,"comment_status":"","ping_status":"","sticky":false,"template":"","format":"standard","meta":{"footnotes":""},"categories":[142],"tags":[114,115,19033,19153,19034,32,33,151,19032],"class_list":{"0":"post-131475","1":"post","2":"type-post","3":"status-publish","4":"format-standard","5":"has-post-thumbnail","7":"category-tv","8":"tag-entertainment","9":"tag-entretenimento","10":"tag-galas-em-video","11":"tag-marisa-susana","12":"tag-melhores-momentos-casa-dos-segredos","13":"tag-portugal","14":"tag-pt","15":"tag-tv","16":"tag-videos-secret-story-tvi"},"share_on_mastodon":{"url":"https:\/\/pubeurope.com\/@pt\/115458563309903646","error":""},"_links":{"self":[{"href":"https:\/\/www.europesays.com\/pt\/wp-json\/wp\/v2\/posts\/131475","targetHints":{"allow":["GET"]}}],"collection":[{"href":"https:\/\/www.europesays.com\/pt\/wp-json\/wp\/v2\/posts"}],"about":[{"href":"https:\/\/www.europesays.com\/pt\/wp-json\/wp\/v2\/types\/post"}],"author":[{"embeddable":true,"href":"https:\/\/www.europesays.com\/pt\/wp-json\/wp\/v2\/users\/2"}],"replies":[{"embeddable":true,"href":"https:\/\/www.europesays.com\/pt\/wp-json\/wp\/v2\/comments?post=131475"}],"version-history":[{"count":0,"href":"https:\/\/www.europesays.com\/pt\/wp-json\/wp\/v2\/posts\/131475\/revisions"}],"wp:featuredmedia":[{"embeddable":true,"href":"https:\/\/www.europesays.com\/pt\/wp-json\/wp\/v2\/media\/131476"}],"wp:attachment":[{"href":"https:\/\/www.europesays.com\/pt\/wp-json\/wp\/v2\/media?parent=131475"}],"wp:term":[{"taxonomy":"category","embeddable":true,"href":"https:\/\/www.europesays.com\/pt\/wp-json\/wp\/v2\/categories?post=131475"},{"taxonomy":"post_tag","embeddable":true,"href":"https:\/\/www.europesays.com\/pt\/wp-json\/wp\/v2\/tags?post=131475"}],"curies":[{"name":"wp","href":"https:\/\/api.w.org\/{rel}","templated":true}]}}