{"id":131493,"date":"2025-10-29T17:24:11","date_gmt":"2025-10-29T17:24:11","guid":{"rendered":"https:\/\/www.europesays.com\/pt\/131493\/"},"modified":"2025-10-29T17:24:11","modified_gmt":"2025-10-29T17:24:11","slug":"joao-monteiro-reage-a-partilha-de-cristina-ferreira-o-comentario-que-esta-a-dar-que-falar-secret-story","status":"publish","type":"post","link":"https:\/\/www.europesays.com\/pt\/131493\/","title":{"rendered":"Jo\u00e3o Monteiro reage a partilha de Cristina Ferreira. O coment\u00e1rio que est\u00e1 a dar que falar &#8211; Secret Story"},"content":{"rendered":"<p style=\"margin-bottom:11px\">Jo\u00e3o Monteiro \u2018meteu-se\u2019 publicamente com <strong>Cristina Ferreira<\/strong> atrav\u00e9s da rede social Instagram. A apresentadora partilhou na sua conta um dos seus visuais do Dois \u00e0s 10 e escreveu: \u00abIsto hoje est\u00e1 t\u00e3o giro que quis j\u00e1 publicar. O meu signo deve estar bom \ud83d\ude02 Voc\u00eas tamb\u00e9m gostam de saber dos signos? O meu \u00e9 o melhor j\u00e1 se sabe. Virgem \ud83c\udf89. Qual \u00e9 o vosso?\u00bb.\u00a0<\/p>\n<p>E <strong>Jo\u00e3o Monteiro <\/strong>n\u00e3o perdeu a oportunidade de responder a Cristina com uma pequena provoca\u00e7\u00e3o: \u00abFoi da vit\u00f3ria dos drag\u00f5es ontem\u00bb. \u00a0<\/p>\n<p><img loading=\"lazy\" decoding=\"async\" alt=\"\" height=\"399\" src=\"https:\/\/www.europesays.com\/pt\/wp-content\/uploads\/2025\/10\/690222b6d34ee0c2fed1cee1.webp\" width=\"800\"\/><\/p>\n<p>Cristina Ferreira mostra registo raro de Jo\u00e3o Monteiro \u00e0 sa\u00edda do Secret Story.E \u00e9 do mais rom\u00e2ntico que h\u00e1 <\/p>\n<p><a href=\"https:\/\/tvi.iol.pt\/secretstory\/joao-monteiro\/cristina-ferreira\/em-dia-de-estreia-do-ss-joao-monteiro-deixa-mensagem-a-cristina-ferreira-e-ela-reage-de-forma-unica\" rel=\"nofollow noopener\" target=\"_blank\">Cristina Ferreira e Jo\u00e3o Monteiro mant\u00eam uma rela\u00e7\u00e3o s\u00f3lida<\/a> e conquistam os seguidores ao partilhar <a href=\"https:\/\/tvi.iol.pt\/secretstory\/cristina-ferreira\/joao-monteiro\/cristina-ferreira-mostra-o-lado-mais-sexy-e-joao-monteiro-nao-resiste-em-comentar\" rel=\"nofollow noopener\" target=\"_blank\">registos da sua hist\u00f3ria de amor discreta<\/a>, mas apaixonante e cheia de momentos rom\u00e2nticos.<\/p>\n<p>Recentemente, a apresentadora do Secret Story &#8211; Casa dos Segredos, partilhou um desses registos raros de Jo\u00e3o Monteiro, \u00e0 sa\u00edda do Especial do Secret Story.\u00a0<\/p>\n<p><img loading=\"lazy\" decoding=\"async\" alt=\"\" height=\"889\" src=\"https:\/\/www.europesays.com\/pt\/wp-content\/uploads\/2025\/10\/68d3b990d34e58bc67961a39.webp\" width=\"500\"\/><\/p>\n<p>\u00abSair do programa e ter a felicidade \u00e0 espera\u00bb, escreveu Cristina Ferreira nos stories do Instagram, na legenda de uma fotografia do namorado, de sorriso no rosto.\u00a0<\/p>\n<p>Percorra a galeria de fotografias que prepar\u00e1mos para si com as melhores imagens da hist\u00f3ria de amor de Cristina Ferreira e Jo\u00e3o Monteiro.\u00a0<\/p>\n","protected":false},"excerpt":{"rendered":"Jo\u00e3o Monteiro \u2018meteu-se\u2019 publicamente com Cristina Ferreira atrav\u00e9s da rede social Instagram. A apresentadora partilhou na sua conta&hellip;\n","protected":false},"author":2,"featured_media":131494,"comment_status":"","ping_status":"","sticky":false,"template":"","format":"standard","meta":{"footnotes":""},"categories":[142],"tags":[18706,166,114,115,18705,6470,32,33,151,18704],"class_list":{"0":"post-131493","1":"post","2":"type-post","3":"status-publish","4":"format-standard","5":"has-post-thumbnail","7":"category-tv","8":"tag-bastidores-secret-story","9":"tag-cristina-ferreira","10":"tag-entertainment","11":"tag-entretenimento","12":"tag-entrevistas-concorrentes-tvi","13":"tag-joao-monteiro","14":"tag-portugal","15":"tag-pt","16":"tag-tv","17":"tag-vida-fora-da-casa"},"share_on_mastodon":{"url":"https:\/\/pubeurope.com\/@pt\/115458622824889576","error":""},"_links":{"self":[{"href":"https:\/\/www.europesays.com\/pt\/wp-json\/wp\/v2\/posts\/131493","targetHints":{"allow":["GET"]}}],"collection":[{"href":"https:\/\/www.europesays.com\/pt\/wp-json\/wp\/v2\/posts"}],"about":[{"href":"https:\/\/www.europesays.com\/pt\/wp-json\/wp\/v2\/types\/post"}],"author":[{"embeddable":true,"href":"https:\/\/www.europesays.com\/pt\/wp-json\/wp\/v2\/users\/2"}],"replies":[{"embeddable":true,"href":"https:\/\/www.europesays.com\/pt\/wp-json\/wp\/v2\/comments?post=131493"}],"version-history":[{"count":0,"href":"https:\/\/www.europesays.com\/pt\/wp-json\/wp\/v2\/posts\/131493\/revisions"}],"wp:featuredmedia":[{"embeddable":true,"href":"https:\/\/www.europesays.com\/pt\/wp-json\/wp\/v2\/media\/131494"}],"wp:attachment":[{"href":"https:\/\/www.europesays.com\/pt\/wp-json\/wp\/v2\/media?parent=131493"}],"wp:term":[{"taxonomy":"category","embeddable":true,"href":"https:\/\/www.europesays.com\/pt\/wp-json\/wp\/v2\/categories?post=131493"},{"taxonomy":"post_tag","embeddable":true,"href":"https:\/\/www.europesays.com\/pt\/wp-json\/wp\/v2\/tags?post=131493"}],"curies":[{"name":"wp","href":"https:\/\/api.w.org\/{rel}","templated":true}]}}