{"id":131509,"date":"2025-10-29T17:40:10","date_gmt":"2025-10-29T17:40:10","guid":{"rendered":"https:\/\/www.europesays.com\/pt\/131509\/"},"modified":"2025-10-29T17:40:10","modified_gmt":"2025-10-29T17:40:10","slug":"suspeitos-do-roubo-no-louvre-admitem-parcialmente-culpa-observador","status":"publish","type":"post","link":"https:\/\/www.europesays.com\/pt\/131509\/","title":{"rendered":"Suspeitos do roubo no Louvre admitem &#8220;parcialmente&#8221; culpa \u2013 Observador"},"content":{"rendered":"<p>Os dois homens detidos por serem suspeitos do roubo de oito joias valiosas do Museu do Louvre admitiram \u201cparcialmente\u201d o envolvimento no crime, avan\u00e7ou, esta quarta-feira, a procuradora de Paris, Laure Beccuau. Numa confer\u00eancia de imprensa, a respons\u00e1vel jur\u00eddica informou que as joias\u00a0com um valor estimado em 88 milh\u00f5es de euros ainda n\u00e3o foram encontradas.<\/p>\n<p>Laure Beccuau destacou que as investiga\u00e7\u00f5es fizeram \u201cgrandes progressos\u201d nos \u00faltimos dias, salientando o \u201cempenho excecional\u201d dos cerca de cem investigadores que est\u00e3o a trabalhar no caso, em particular \u201cpela busca incessante pelos criminosos\u201d. \u201cTrabalham dia e noite para identificar os criminosos o mais rapidamente poss\u00edvel e tentar recuperar as joias.\u201d<\/p>\n<p>A procuradora detalhou que um dos suspeitos j\u00e1 estava sob supervis\u00e3o das autoridades por \u201coutro caso de furto\u201d. Os dois homens detidos t\u00eam 34 e 39 anos, indicou Laure Beccuau. Al\u00e9m disso, a respons\u00e1vel jur\u00eddica n\u00e3o descartou a possibilidade de que o grupo que assaltou o museu de Louvre a 19 de outubro <strong>tenha mais de quatro elementos<\/strong>. Por\u00e9m, por agora, as \u201cc\u00e2maras revelaram a presen\u00e7a de quatro homens\u201d.<\/p>\n<p><strong>Os dois detidos ficar\u00e3o em pris\u00e3o preventiva,<\/strong> adiantou tamb\u00e9m Laure Beccuau. V\u00e3o ser novamente presentes a juiz em breve. A procuradora de Paris estimou que possam receber uma pena de pris\u00e3o de pris\u00e3o que pode chegar aos quinze anos, se forem condenados ao crime de associa\u00e7\u00e3o criminosa.<\/p>\n<p><strong>[Chegou\u00a0<\/strong><b>o hist\u00f3rico debate entre Soares e Freitas. E o socialista j\u00e1 conseguiu o voto dos\u00a0<\/b><b>comunistas sem \u201colhar para\u00a0o retrato\u201d dele<\/b>.\u00a0<strong>A\u00a0<a href=\"https:\/\/observador.pt\/programas\/a-eleio-mais-louca-de-sempre\/episodio-5-uma-armadilha-em-direto\/\" rel=\"nofollow noopener\" target=\"_blank\">\u201cElei\u00e7\u00e3o Mais Louca de Sempre\u201d<\/a>\u00a0\u00e9 o novo Podcast Plus do Observador sobre as Presidenciais de 1986. Uma s\u00e9rie narrada pelo ator Gon\u00e7alo Waddington, com banda sonora original de Samuel \u00daria. Pode ouvir\u00a0<a href=\"https:\/\/observador.pt\/programas\/a-eleio-mais-louca-de-sempre\/episodio-5-uma-armadilha-em-direto\/\" rel=\"nofollow noopener\" target=\"_blank\">aqui<\/a>, no\u00a0Observador, e tamb\u00e9m na\u00a0<a href=\"https:\/\/podcasts.apple.com\/pt\/podcast\/epis%C3%B3dio-5-uma-armadilha-em-direto\/id1841273464?i=1000733759807\" rel=\"nofollow noopener\" target=\"_blank\">Apple Podcasts<\/a>, no\u00a0<a href=\"https:\/\/open.spotify.com\/episode\/28mDVafMTtrt5QAwWYdye2?si=c6e9dabb29734f15\" rel=\"nofollow noopener\" target=\"_blank\">Spotify<\/a>\u00a0e no\u00a0<a href=\"https:\/\/music.youtube.com\/watch?v=78x1Dlhn7v4&amp;si=O1yv2xMDjId6CreQ\" rel=\"nofollow noopener\" target=\"_blank\">Youtube Music<\/a>. E pode ouvir o primeiro epis\u00f3dio\u00a0<a href=\"https:\/\/observador.pt\/programas\/a-eleio-mais-louca-de-sempre\/estreia-a-eleicao-mais-louca-de-sempre-episodio-1-apostamos-no-cavalo-errado\/\" target=\"_blank\" rel=\"noopener nofollow\">aqui<\/a>,\u00a0o segundo\u00a0<a href=\"https:\/\/observador.pt\/programas\/a-eleio-mais-louca-de-sempre\/episodio-2-uma-traicao-inesperada\/\" target=\"_blank\" rel=\"noopener nofollow\">aqui<\/a>,\u00a0o terceiro\u00a0<a href=\"https:\/\/observador.pt\/programas\/a-eleio-mais-louca-de-sempre\/episodio-3-ele-nao-e-meu-irmao\/\" rel=\"nofollow noopener\" target=\"_blank\">aqui<\/a>\u00a0e o\u00a0<a href=\"https:\/\/observador.pt\/programas\/a-eleio-mais-louca-de-sempre\/episodio-4-portugal-nao-e-moscovo\/\" rel=\"nofollow noopener\" target=\"_blank\">quarto<\/a>\u00a0aqui]<\/strong><\/p>\n<p><a href=\"https:\/\/observador.pt\/programas\/a-eleio-mais-louca-de-sempre\/episodio-5-uma-armadilha-em-direto\/\" target=\"_blank\" rel=\"noopener nofollow\"><\/p>\n<p>        <img src=\"https:\/\/www.europesays.com\/pt\/wp-content\/uploads\/2025\/10\/770-a-eleicao-mais-louca-de-sempre-playicon.png\" alt=\"\" loading=\"lazy\" decoding=\"async\" class=\"gmail-CToWUd alignnone\" onload=\"this.parentElement.classList.remove('spinner')\" onerror=\"this.parentElement.classList.remove('spinner')\" width=\"770\" height=\"433\"\/>    <\/p>\n<p><\/a><\/p>\n<blockquote class=\"wp-embedded-content\" data-secret=\"hZ1y8jI7V4\">\n<p><a href=\"https:\/\/observador.pt\/2025\/10\/26\/dois-suspeitos-do-roubo-no-louvre-interrogados-e-detidos-em-paris\/\" rel=\"nofollow noopener\" target=\"_blank\">Dois suspeitos do roubo no Louvre interrogados e detidos em Paris<\/a><\/p>\n<\/blockquote>\n<p>Sobre a tese de que os suspeitos teriam tido ajuda de um funcion\u00e1rio do museu, a procuradora de Paris disse que \u201cnada, nesta fase, permite afirmar que os autores de crime <strong>contaram a cumplicidade de algu\u00e9m dentro do museu\u201d.\u00a0<\/strong><\/p>\n","protected":false},"excerpt":{"rendered":"Os dois homens detidos por serem suspeitos do roubo de oito joias valiosas do Museu do Louvre admitiram&hellip;\n","protected":false},"author":2,"featured_media":131510,"comment_status":"","ping_status":"","sticky":false,"template":"","format":"standard","meta":{"footnotes":""},"categories":[144],"tags":[207,205,206,203,201,202,315,204,114,115,445,2104,62,17544,2458,32,33],"class_list":{"0":"post-131509","1":"post","2":"type-post","3":"status-publish","4":"format-standard","5":"has-post-thumbnail","7":"category-arte-e-design","8":"tag-arte","9":"tag-arte-e-design","10":"tag-artedesign","11":"tag-arts","12":"tag-arts-and-design","13":"tag-artsanddesign","14":"tag-cultura","15":"tag-design","16":"tag-entertainment","17":"tag-entretenimento","18":"tag-europa","19":"tag-franu00e7a","20":"tag-mundo","21":"tag-museus","22":"tag-paris","23":"tag-portugal","24":"tag-pt"},"share_on_mastodon":{"url":"https:\/\/pubeurope.com\/@pt\/115458685356217769","error":""},"_links":{"self":[{"href":"https:\/\/www.europesays.com\/pt\/wp-json\/wp\/v2\/posts\/131509","targetHints":{"allow":["GET"]}}],"collection":[{"href":"https:\/\/www.europesays.com\/pt\/wp-json\/wp\/v2\/posts"}],"about":[{"href":"https:\/\/www.europesays.com\/pt\/wp-json\/wp\/v2\/types\/post"}],"author":[{"embeddable":true,"href":"https:\/\/www.europesays.com\/pt\/wp-json\/wp\/v2\/users\/2"}],"replies":[{"embeddable":true,"href":"https:\/\/www.europesays.com\/pt\/wp-json\/wp\/v2\/comments?post=131509"}],"version-history":[{"count":0,"href":"https:\/\/www.europesays.com\/pt\/wp-json\/wp\/v2\/posts\/131509\/revisions"}],"wp:featuredmedia":[{"embeddable":true,"href":"https:\/\/www.europesays.com\/pt\/wp-json\/wp\/v2\/media\/131510"}],"wp:attachment":[{"href":"https:\/\/www.europesays.com\/pt\/wp-json\/wp\/v2\/media?parent=131509"}],"wp:term":[{"taxonomy":"category","embeddable":true,"href":"https:\/\/www.europesays.com\/pt\/wp-json\/wp\/v2\/categories?post=131509"},{"taxonomy":"post_tag","embeddable":true,"href":"https:\/\/www.europesays.com\/pt\/wp-json\/wp\/v2\/tags?post=131509"}],"curies":[{"name":"wp","href":"https:\/\/api.w.org\/{rel}","templated":true}]}}