{"id":131519,"date":"2025-10-29T17:47:13","date_gmt":"2025-10-29T17:47:13","guid":{"rendered":"https:\/\/www.europesays.com\/pt\/131519\/"},"modified":"2025-10-29T17:47:13","modified_gmt":"2025-10-29T17:47:13","slug":"alba-baptista-e-chris-evans-sao-pais-de-uma-menina-chamada-alma-grace","status":"publish","type":"post","link":"https:\/\/www.europesays.com\/pt\/131519\/","title":{"rendered":"Alba Baptista e Chris Evans s\u00e3o pais de uma menina chamada Alma Grace"},"content":{"rendered":"<p data-remotead-prev-elm=\"true\" data-remotead-elm-id=\"inread\">Alba Baptista, de 28 anos, e Chris Evans, de 44, celebram a chegada do primeiro filho em comum. A atriz portuguesa e o int\u00e9rprete norte-americano, famoso pelo papel de Capit\u00e3o Am\u00e9rica no universo Marvel, mantiveram a gravidez em total sigilo, surpreendendo f\u00e3s e imprensa.<\/p>\n<p>Segundo a revista &#8220;People&#8221;, a beb\u00e9 nasceu na passada sexta-feira, 24 de outubro, em Massachusetts, nos Estados Unidos, onde o casal reside desde o casamento, realizado em setembro de 2023, numa cerim\u00f3nia privada em Cape Cod.<\/p>\n<p>Uma fonte citada pela revista revelou que &#8220;est\u00e3o a desfrutar da privacidade e destes primeiros dias especiais como fam\u00edlia com a beb\u00e9&#8221;. O nome da menina tamb\u00e9m j\u00e1 foi revelado: Alma Grace Baptista Evans.<\/p>\n<p data-remotead-prev-elm=\"true\" data-remotead-elm-id=\"centro1\">Para ambos, trata-se do primeiro filho. H\u00e1 algum tempo, Chris Evans tinha expressado publicamente o desejo de constituir fam\u00edlia: &#8220;\u00c9 absolutamente algo que quero: esposa, filhos, construir uma fam\u00edlia.&#8221;<\/p>\n<p>Na altura, o ator refletiu tamb\u00e9m sobre a import\u00e2ncia das rela\u00e7\u00f5es pessoais, afirmando: &#8220;Quando olhamos para a vida dos melhores artistas, n\u00e3o \u00e9 o trabalho que fizeram de que mais se orgulham, mas as rela\u00e7\u00f5es que criaram, as fam\u00edlias que formaram, o amor que encontraram e partilharam.&#8221;<\/p>\n<p>Rumores sobre um poss\u00edvel relacionamento entre Alba Baptista e Chris Evans come\u00e7aram em 2021, mas s\u00f3 foram confirmados em novembro de 2022. A primeira fotografia do casal nas redes sociais surgiu em janeiro de 2023, embora eles sempre tenham mantido a rela\u00e7\u00e3o longe dos holofotes.<\/p>\n<p>Agora Alba e Chris come\u00e7am uma nova fase em fam\u00edlia, com a pequena Alma nos bra\u00e7os, valorizando a privacidade como at\u00e9 aqui.<\/p>\n","protected":false},"excerpt":{"rendered":"Alba Baptista, de 28 anos, e Chris Evans, de 44, celebram a chegada do primeiro filho em comum.&hellip;\n","protected":false},"author":2,"featured_media":131520,"comment_status":"","ping_status":"","sticky":false,"template":"","format":"standard","meta":{"footnotes":""},"categories":[85],"tags":[29573,8741,2557,4417,114,115,1127,2595,792,712,32,33],"class_list":{"0":"post-131519","1":"post","2":"type-post","3":"status-publish","4":"format-standard","5":"has-post-thumbnail","7":"category-entretenimento","8":"tag-alba-baptista","9":"tag-atores","10":"tag-bebe","11":"tag-chris-evans","12":"tag-entertainment","13":"tag-entretenimento","14":"tag-filha","15":"tag-hollywood","16":"tag-marvel","17":"tag-pessoas","18":"tag-portugal","19":"tag-pt"},"share_on_mastodon":{"url":"https:\/\/pubeurope.com\/@pt\/115458712883407261","error":""},"_links":{"self":[{"href":"https:\/\/www.europesays.com\/pt\/wp-json\/wp\/v2\/posts\/131519","targetHints":{"allow":["GET"]}}],"collection":[{"href":"https:\/\/www.europesays.com\/pt\/wp-json\/wp\/v2\/posts"}],"about":[{"href":"https:\/\/www.europesays.com\/pt\/wp-json\/wp\/v2\/types\/post"}],"author":[{"embeddable":true,"href":"https:\/\/www.europesays.com\/pt\/wp-json\/wp\/v2\/users\/2"}],"replies":[{"embeddable":true,"href":"https:\/\/www.europesays.com\/pt\/wp-json\/wp\/v2\/comments?post=131519"}],"version-history":[{"count":0,"href":"https:\/\/www.europesays.com\/pt\/wp-json\/wp\/v2\/posts\/131519\/revisions"}],"wp:featuredmedia":[{"embeddable":true,"href":"https:\/\/www.europesays.com\/pt\/wp-json\/wp\/v2\/media\/131520"}],"wp:attachment":[{"href":"https:\/\/www.europesays.com\/pt\/wp-json\/wp\/v2\/media?parent=131519"}],"wp:term":[{"taxonomy":"category","embeddable":true,"href":"https:\/\/www.europesays.com\/pt\/wp-json\/wp\/v2\/categories?post=131519"},{"taxonomy":"post_tag","embeddable":true,"href":"https:\/\/www.europesays.com\/pt\/wp-json\/wp\/v2\/tags?post=131519"}],"curies":[{"name":"wp","href":"https:\/\/api.w.org\/{rel}","templated":true}]}}