{"id":131527,"date":"2025-10-29T17:52:08","date_gmt":"2025-10-29T17:52:08","guid":{"rendered":"https:\/\/www.europesays.com\/pt\/131527\/"},"modified":"2025-10-29T17:52:08","modified_gmt":"2025-10-29T17:52:08","slug":"nao-vale-a-pena-mandarem-mil-mensagens","status":"publish","type":"post","link":"https:\/\/www.europesays.com\/pt\/131527\/","title":{"rendered":"N\u00e3o vale a pena mandarem mil mensagens&#8230;"},"content":{"rendered":"<p>A nova edi\u00e7\u00e3o do \u2018Secret Story 9\u2019 tem contado com v\u00e1rias \u2018pol\u00e9micas\u2019 ao longo das \u00faltimas semanas e parece que a pr\u00f3xima est\u00e1 prestes a \u2018estalar\u2019.<\/p>\n<p>Na noite desta ter\u00e7a-feira, 28 de outubro, o concorrente Bruno agarrou a colega Marisa Susana de uma forma mais aguerrida, com vista a retirar-lhe a farinha das m\u00e3os, e a atitude tem sido amplamente comentada nas redes sociais sendo que h\u00e1 at\u00e9 quem pe\u00e7a uma san\u00e7\u00e3o ou at\u00e9 mesmo uma expuls\u00e3o (<a href=\"https:\/\/www.hiper.fm\/sancao-ou-expulsao-bruno-persegue-marisa-susana-e-magoa-concorrente-vou-te-tirar-isso-da-mao\/\" target=\"_blank\" rel=\"noopener nofollow\">ver aqui<\/a>).<\/p>\n<p>Perante o momento, muitas ter\u00e3o sido as pessoas a enviar mensagem \u00e0 anfitri\u00e3 do programa, Cristina Ferreira, que no final do \u2018Dois \u00e0s 10\u2019 desta quarta-feira (29) decidiu pronunciar-se.<\/p>\n<p><strong>\u201c\u00c9 assim senhores, n\u00e3o vale a pena mandarem mil mensagens hoje, porque s\u00f3 agora \u00e9 que vou falar com a equipa, s\u00f3 agora \u00e9 que vamos ver as coisas e aconte\u00e7a o que acontecer\u2026 \u00e9 o melhor que a gente faz, \u00e9 s\u00f3 isto. E, no fundo, a Voz \u00e9 que manda\u201d<\/strong>, considerou.<\/p>\n<p><a href=\"https:\/\/tvi.iol.pt\/doisas10\/video\/cristina-ferreira-reage-a-mais-recente-polemica-do-secret-story-aconteca-o-que-acontecer\/69020fb70cf29d28d829a11d\" target=\"_blank\" rel=\"noopener nofollow\">Veja aqui o momento.<\/a><\/p>\n<blockquote class=\"wp-embedded-content\" data-secret=\"djcanCduTa\">\n<p><a href=\"https:\/\/www.hiper.fm\/atitude-de-bruno-que-pode-ditar-expulsao-deixa-marcas-em-marisa-susana-esta-arranhado\/\" rel=\"nofollow noopener\" target=\"_blank\">Atitude de Bruno, que pode ditar expuls\u00e3o, deixa marcas em Marisa Susana: \u201cEst\u00e1 arranhado\u2026\u201d<\/a><\/p>\n<\/blockquote>\n","protected":false},"excerpt":{"rendered":"A nova edi\u00e7\u00e3o do \u2018Secret Story 9\u2019 tem contado com v\u00e1rias \u2018pol\u00e9micas\u2019 ao longo das \u00faltimas semanas e&hellip;\n","protected":false},"author":2,"featured_media":131528,"comment_status":"","ping_status":"","sticky":false,"template":"","format":"standard","meta":{"footnotes":""},"categories":[8],"tags":[27,28,3768,166,1661,15,16,14,25,26,21,22,19153,12,13,19,20,32,23,24,33,16686,17,18,29,30,31],"class_list":{"0":"post-131527","1":"post","2":"type-post","3":"status-publish","4":"format-standard","5":"has-post-thumbnail","7":"category-principais-noticias","8":"tag-breaking-news","9":"tag-breakingnews","10":"tag-bruno","11":"tag-cristina-ferreira","12":"tag-destaque","13":"tag-featured-news","14":"tag-featurednews","15":"tag-headlines","16":"tag-latest-news","17":"tag-latestnews","18":"tag-main-news","19":"tag-mainnews","20":"tag-marisa-susana","21":"tag-news","22":"tag-noticias","23":"tag-noticias-principais","24":"tag-noticiasprincipais","25":"tag-portugal","26":"tag-principais-noticias","27":"tag-principaisnoticias","28":"tag-pt","29":"tag-secret-story-9","30":"tag-top-stories","31":"tag-topstories","32":"tag-ultimas","33":"tag-ultimas-noticias","34":"tag-ultimasnoticias"},"share_on_mastodon":{"url":"https:\/\/pubeurope.com\/@pt\/115458732506927158","error":""},"_links":{"self":[{"href":"https:\/\/www.europesays.com\/pt\/wp-json\/wp\/v2\/posts\/131527","targetHints":{"allow":["GET"]}}],"collection":[{"href":"https:\/\/www.europesays.com\/pt\/wp-json\/wp\/v2\/posts"}],"about":[{"href":"https:\/\/www.europesays.com\/pt\/wp-json\/wp\/v2\/types\/post"}],"author":[{"embeddable":true,"href":"https:\/\/www.europesays.com\/pt\/wp-json\/wp\/v2\/users\/2"}],"replies":[{"embeddable":true,"href":"https:\/\/www.europesays.com\/pt\/wp-json\/wp\/v2\/comments?post=131527"}],"version-history":[{"count":0,"href":"https:\/\/www.europesays.com\/pt\/wp-json\/wp\/v2\/posts\/131527\/revisions"}],"wp:featuredmedia":[{"embeddable":true,"href":"https:\/\/www.europesays.com\/pt\/wp-json\/wp\/v2\/media\/131528"}],"wp:attachment":[{"href":"https:\/\/www.europesays.com\/pt\/wp-json\/wp\/v2\/media?parent=131527"}],"wp:term":[{"taxonomy":"category","embeddable":true,"href":"https:\/\/www.europesays.com\/pt\/wp-json\/wp\/v2\/categories?post=131527"},{"taxonomy":"post_tag","embeddable":true,"href":"https:\/\/www.europesays.com\/pt\/wp-json\/wp\/v2\/tags?post=131527"}],"curies":[{"name":"wp","href":"https:\/\/api.w.org\/{rel}","templated":true}]}}