{"id":131546,"date":"2025-10-29T18:04:10","date_gmt":"2025-10-29T18:04:10","guid":{"rendered":"https:\/\/www.europesays.com\/pt\/131546\/"},"modified":"2025-10-29T18:04:10","modified_gmt":"2025-10-29T18:04:10","slug":"terceira-noite-consecutiva-de-cerco-de-drones-ucranianos-em-moscovo","status":"publish","type":"post","link":"https:\/\/www.europesays.com\/pt\/131546\/","title":{"rendered":"Terceira noite consecutiva de cerco de drones ucranianos em Moscovo"},"content":{"rendered":"<p>                Moscovo viveu mais um cerco de drones ucranianos na noite passada, de acordo com as autoridades russas.<b> O Minist\u00e9rio da Defesa da R\u00fassia divulgou, em comunicado, que foram destru\u00eddos 57 dispositivos ucranianos em tr\u00eas horas, na ter\u00e7a-feira \u2013 quatro na regi\u00e3o da capital do pa\u00eds e oito em regi\u00f5es vizinhas. Um dos drones acabou por cair, mas n\u00e3o h\u00e1 danos a registar.<\/b>A Rosaviatsiya, a ag\u00eancia reguladora de transporte a\u00e9reo, informou que os voos nos aeroportos Sheremetyevo, Domodedovo e Zhukovsky, em Moscovo, foram suspensos ou restringidos.<\/p>\n<p>Foram ainda avistados v\u00e1rios drones e dire\u00e7\u00e3o \u00e0 zona industrial de Budyonnovsk, na regi\u00e3o russa de Stavropol, confirmou o governador local Vladimir Vladimirov. <b>Estes dispostitos ucranianos teriam como alvo uma f\u00e1brica de produtos petroqu\u00edmicos e pl\u00e1sticos.<\/b><br \/>&#13;<br \/>\n<b><br \/>&#13;<br \/>\nJ\u00e1 nas duas noites anteriores as autoridades russas indicaram que tinham sido intercetados 35 drones ucranianos.<\/b><\/p>\n<p>A Ucr\u00e2nia tem afirmado que os ataques com drones em territ\u00f3rio russo, nos \u00faltimos meses, visam atingir instala\u00e7\u00f5es militares e industriais prejudicar a economia de guerra da R\u00fassia e estender o conflito para o interior do pa\u00eds que o iniciou. E segundo o pr\u00f3prio presidente ucraniano afirmou, na ter\u00e7a-feira, os ataques de longo alcance da Ucr\u00e2nia reduziram a capacidade de refinar petr\u00f3leo da R\u00fassia em 20 por cento.Kiev acusa Moscovo de ataque com mais de 100 drones durante a noite<br \/>&#13;<br \/>\nNa mesma noite em que Kiev lan\u00e7ou novamente drones sob a capital russa, a For\u00e7a A\u00e9rea da Ucr\u00e2nia tamb\u00e9m registou um ataque com 126 dispositivos a\u00e9reos. <b>Oitenta desses eram drones Shahed, de fabrico iraniano. Noventa e tr\u00eas foram neutralizados pelas defesas ucranianas e os restantes acabaram por cair em locais n\u00e3o especificados pelas autoridades.<br \/>&#13;<br \/>\n<\/b>&#13;<br \/>\n<br \/>&#13;<br \/>\nAs infraestruturas no centro de Chernihiv, no norte do pa\u00eds, eram um dos alvos. E na regi\u00e3o de Odessa, no sul, foram atingidas centrais de energia e infraestruturas do setor dos transportes.<b> Ataques que provocaram cortes de energia em algumas zonas.<\/b>A R\u00fassia lan\u00e7ou tamb\u00e9m 396 ataques contra 15 &#13;<br \/>\nassentamentos na regi\u00e3o de Zaporizhia, no sul da Ucr\u00e2nia, matando uma &#13;<br \/>\npessoa e ferindo outras tr\u00eas, disse o governador Ivan Fedorov na &#13;<br \/>\nter\u00e7a-feira.<\/p>\n<p>Segundo Volodymyr Zelensky, os soldados russos conquistaram uma posi\u00e7\u00e3o na cidade estrat\u00e9gica de Pokrovsk, no leste da Ucr\u00e2nia. No discurso di\u00e1rio, divulgado nas redes sociais, <b>o presidente ucraniano afirmou que a R\u00fassia mobilizou um grande n\u00famero de tropas para conquistar a cidade, essencial nas linhas defensivas de Kiev em Donetsk.<\/b><br \/>&#13;<br \/>\n<b><br \/>&#13;<br \/>\n<\/b>&#13;\n<\/p>\n<p>&#13;<br \/>\n<b>&#13;<br \/>\n\u201cImaginem quantas for\u00e7as russas est\u00e3o l\u00e1. Mas, ao mesmo tempo, n\u00e3o alcan\u00e7aram o resultado planeado<\/b>\u201d, disse ainda, acrescentando que os soldados russos superavam os ucranianos de oito para um.&#13;\n<\/p>\n<p>&#13;<br \/>\nc\/ ag\u00eancias&#13;<\/p>\n","protected":false},"excerpt":{"rendered":"Moscovo viveu mais um cerco de drones ucranianos na noite passada, de acordo com as autoridades russas. O&hellip;\n","protected":false},"author":2,"featured_media":131547,"comment_status":"","ping_status":"","sticky":false,"template":"","format":"standard","meta":{"footnotes":""},"categories":[50],"tags":[27,28,837,15,16,830,14,13930,25,26,21,22,62,12,13,19,20,23,24,839,17,18,840,29,30,31,63,64,65],"class_list":{"0":"post-131546","1":"post","2":"type-post","3":"status-publish","4":"format-standard","5":"has-post-thumbnail","7":"category-mundo","8":"tag-breaking-news","9":"tag-breakingnews","10":"tag-drones","11":"tag-featured-news","12":"tag-featurednews","13":"tag-guerra","14":"tag-headlines","15":"tag-invasao","16":"tag-latest-news","17":"tag-latestnews","18":"tag-main-news","19":"tag-mainnews","20":"tag-mundo","21":"tag-news","22":"tag-noticias","23":"tag-noticias-principais","24":"tag-noticiasprincipais","25":"tag-principais-noticias","26":"tag-principaisnoticias","27":"tag-russia","28":"tag-top-stories","29":"tag-topstories","30":"tag-ucrania","31":"tag-ultimas","32":"tag-ultimas-noticias","33":"tag-ultimasnoticias","34":"tag-world","35":"tag-world-news","36":"tag-worldnews"},"share_on_mastodon":{"url":"https:\/\/pubeurope.com\/@pt\/115458779600240509","error":""},"_links":{"self":[{"href":"https:\/\/www.europesays.com\/pt\/wp-json\/wp\/v2\/posts\/131546","targetHints":{"allow":["GET"]}}],"collection":[{"href":"https:\/\/www.europesays.com\/pt\/wp-json\/wp\/v2\/posts"}],"about":[{"href":"https:\/\/www.europesays.com\/pt\/wp-json\/wp\/v2\/types\/post"}],"author":[{"embeddable":true,"href":"https:\/\/www.europesays.com\/pt\/wp-json\/wp\/v2\/users\/2"}],"replies":[{"embeddable":true,"href":"https:\/\/www.europesays.com\/pt\/wp-json\/wp\/v2\/comments?post=131546"}],"version-history":[{"count":0,"href":"https:\/\/www.europesays.com\/pt\/wp-json\/wp\/v2\/posts\/131546\/revisions"}],"wp:featuredmedia":[{"embeddable":true,"href":"https:\/\/www.europesays.com\/pt\/wp-json\/wp\/v2\/media\/131547"}],"wp:attachment":[{"href":"https:\/\/www.europesays.com\/pt\/wp-json\/wp\/v2\/media?parent=131546"}],"wp:term":[{"taxonomy":"category","embeddable":true,"href":"https:\/\/www.europesays.com\/pt\/wp-json\/wp\/v2\/categories?post=131546"},{"taxonomy":"post_tag","embeddable":true,"href":"https:\/\/www.europesays.com\/pt\/wp-json\/wp\/v2\/tags?post=131546"}],"curies":[{"name":"wp","href":"https:\/\/api.w.org\/{rel}","templated":true}]}}