{"id":131552,"date":"2025-10-29T18:10:09","date_gmt":"2025-10-29T18:10:09","guid":{"rendered":"https:\/\/www.europesays.com\/pt\/131552\/"},"modified":"2025-10-29T18:10:09","modified_gmt":"2025-10-29T18:10:09","slug":"solteiro-ze-foi-visto-com-famosa-atriz-portuguesa-e-nao-foi-a-unica-secret-story","status":"publish","type":"post","link":"https:\/\/www.europesays.com\/pt\/131552\/","title":{"rendered":"Solteiro, Z\u00e9 foi visto com famosa atriz portuguesa. E n\u00e3o foi a \u00fanica &#8211; Secret Story"},"content":{"rendered":"<p><strong>Jos\u00e9 Andrade, <\/strong>mais conhecido por Z\u00e9, nunca chegou a entrar na casa do Secret Story, mas j\u00e1 foi mais falado c\u00e1 fora do que muitos concorrentes l\u00e1 dentro. Ap\u00f3s ter garantido que n\u00e3o voltaria mais para Liliana, concorrente desta edi\u00e7\u00e3o, o ex-noivo seguiu em frente e surgiu em boa companhia, com os f\u00e3s a aplaudir.\u00a0<\/p>\n<p><strong>\u00abFico super Feliz de ver o Z\u00e9 entre voc\u00eas. Ele merece tudo de bom. Que Deus o aben\u00e7oe e ajude a seguir a sua vida. Parab\u00e9ns a todos que est\u00e3o a apoi\u00e1-lo\u00bb<\/strong>, l\u00ea-se na caixa de coment\u00e1rios de uma publica\u00e7\u00e3o no Instagram.\u00a0<\/p>\n<blockquote class=\"instagram-media\" data-instgrm-captioned=\"\" data-instgrm-permalink=\"https:\/\/www.instagram.com\/p\/DQXXNoNDdid\/?utm_source=ig_embed&amp;utm_campaign=loading\" data-instgrm-version=\"14\" style=\" background:#FFF; border:0; border-radius:3px; box-shadow:0 0 1px 0 rgba(0,0,0,0.5),0 1px 10px 0 rgba(0,0,0,0.15); margin: 1px; max-width:540px; min-width:326px; padding:0; width:99.375%; width:-webkit-calc(100% - 2px); width:calc(100% - 2px);\">\n<\/blockquote>\n<p>\u00a0<\/p>\n<p>Em causa est\u00e1 uma partilha em que Z\u00e9 se mostra ao lado de ex-concorrentes do mundo dos reality-shows no jogo do Sporting, em Alvalade.\u00a0<\/p>\n<p><strong>Fl\u00e1vio Furtado &#8211; atual comentador do Secret Story &#8211; Marta Gil e Jo\u00e3o Ricardo<\/strong> acompanharam Z\u00e9 neste momento divertido.\u00a0O grupo mostrou-se animado e descontra\u00eddo, partilhando sorrisos e momentos de boa disposi\u00e7\u00e3o.\u00a0<\/p>\n<p>Percorra a galeria de fotografias que prepar\u00e1mos para si com as imagens do momento.\u00a0<\/p>\n<p>                        <script async src=\"\/\/www.instagram.com\/embed.js\"><\/script><\/p>\n","protected":false},"excerpt":{"rendered":"Jos\u00e9 Andrade, mais conhecido por Z\u00e9, nunca chegou a entrar na casa do Secret Story, mas j\u00e1 foi&hellip;\n","protected":false},"author":2,"featured_media":131553,"comment_status":"","ping_status":"","sticky":false,"template":"","format":"standard","meta":{"footnotes":""},"categories":[142],"tags":[18706,114,115,18705,19016,32,33,151,18704,975],"class_list":{"0":"post-131552","1":"post","2":"type-post","3":"status-publish","4":"format-standard","5":"has-post-thumbnail","7":"category-tv","8":"tag-bastidores-secret-story","9":"tag-entertainment","10":"tag-entretenimento","11":"tag-entrevistas-concorrentes-tvi","12":"tag-liliana","13":"tag-portugal","14":"tag-pt","15":"tag-tv","16":"tag-vida-fora-da-casa","17":"tag-ze"},"share_on_mastodon":{"url":"https:\/\/pubeurope.com\/@pt\/115458803200464533","error":""},"_links":{"self":[{"href":"https:\/\/www.europesays.com\/pt\/wp-json\/wp\/v2\/posts\/131552","targetHints":{"allow":["GET"]}}],"collection":[{"href":"https:\/\/www.europesays.com\/pt\/wp-json\/wp\/v2\/posts"}],"about":[{"href":"https:\/\/www.europesays.com\/pt\/wp-json\/wp\/v2\/types\/post"}],"author":[{"embeddable":true,"href":"https:\/\/www.europesays.com\/pt\/wp-json\/wp\/v2\/users\/2"}],"replies":[{"embeddable":true,"href":"https:\/\/www.europesays.com\/pt\/wp-json\/wp\/v2\/comments?post=131552"}],"version-history":[{"count":0,"href":"https:\/\/www.europesays.com\/pt\/wp-json\/wp\/v2\/posts\/131552\/revisions"}],"wp:featuredmedia":[{"embeddable":true,"href":"https:\/\/www.europesays.com\/pt\/wp-json\/wp\/v2\/media\/131553"}],"wp:attachment":[{"href":"https:\/\/www.europesays.com\/pt\/wp-json\/wp\/v2\/media?parent=131552"}],"wp:term":[{"taxonomy":"category","embeddable":true,"href":"https:\/\/www.europesays.com\/pt\/wp-json\/wp\/v2\/categories?post=131552"},{"taxonomy":"post_tag","embeddable":true,"href":"https:\/\/www.europesays.com\/pt\/wp-json\/wp\/v2\/tags?post=131552"}],"curies":[{"name":"wp","href":"https:\/\/api.w.org\/{rel}","templated":true}]}}