{"id":131562,"date":"2025-10-29T18:16:13","date_gmt":"2025-10-29T18:16:13","guid":{"rendered":"https:\/\/www.europesays.com\/pt\/131562\/"},"modified":"2025-10-29T18:16:13","modified_gmt":"2025-10-29T18:16:13","slug":"microsoft-prepara-atualizacao-do-windows-11-mas-so-para-alguns","status":"publish","type":"post","link":"https:\/\/www.europesays.com\/pt\/131562\/","title":{"rendered":"Microsoft prepara atualiza\u00e7\u00e3o do Windows 11, mas s\u00f3 para alguns"},"content":{"rendered":"<p>As atualiza\u00e7\u00f5es do Windows s\u00e3o essenciais e a Microsoft trabalha para dar aos utilizadores as melhores e mais \u00fateis novidades. Assim, a pr\u00f3xima grande atualiza\u00e7\u00e3o do Windows 11 j\u00e1 est\u00e1 a ser preparada, mas n\u00e3o dever\u00e1 ser para todos.<\/p>\n<p><a target=\"_blank\" href=\"https:\/\/pplware.sapo.pt\/wp-content\/uploads\/2025\/08\/windows-11_1.jpg\" onclick=\"refreshIframe()\" class=\"foobox\" rel=\"nofollow noopener\"><img fetchpriority=\"high\" decoding=\"async\" src=\"https:\/\/www.europesays.com\/pt\/wp-content\/uploads\/2025\/10\/windows-11_1-1024x576.jpg\" alt=\"Microsoft Windows 11 atualiza\u00e7\u00e3o\" width=\"720\" height=\"405\" class=\"aligncenter size-large wp-image-1076194\"  \/><\/a>\n<\/p>\n<p>Microsoft prepara atualiza\u00e7\u00e3o do Windows 11<\/p>\n<p>Quando a Microsoft lan\u00e7ou o Windows 11, h\u00e1 quatro anos, abandonou as atualiza\u00e7\u00f5es de funcionalidades semestrais para adotar apenas uma atualiza\u00e7\u00e3o anual. Assim, recebemos as vers\u00f5es 22H2, 23H2, 24H2 e a mais recente, a 25H2. A vers\u00e3o 24H2 do Windows 11 foi algo peculiar, com a atualiza\u00e7\u00e3o a ser lan\u00e7ada primeiro para os PCs Copilot+ e s\u00f3 depois a chegar a todos os utilizadores. Agora, parece que esta abordagem est\u00e1 prestes a repetir-se.<\/p>\n<p>Phantomofearth, uma fonte fidedigna de informa\u00e7\u00e3o e descobertas sobre o Windows, refere que a Microsoft prepara o lan\u00e7amento da vers\u00e3o 26H1 do Windows 11, juntamente com os processadores Qualcomm Snapdragon X2, recentemente anunciados. A atualiza\u00e7\u00e3o ser\u00e1 exclusiva para os novos dispositivos Windows on Arm com chips Snapdragon X2, e algumas das suas funcionalidades chegar\u00e3o aos computadores existentes sob a forma da vers\u00e3o 26H2 do Windows 11, seguindo o calend\u00e1rio de atualiza\u00e7\u00f5es habitual no segundo semestre do ano.<\/p>\n<blockquote>\n<p>Com tudo a indicar que a vers\u00e3o 26H1 do Windows 11 est\u00e1 prestes a ser lan\u00e7ada EXCLUSIVAMENTE para o Snapdragon X2 Elite (esta vers\u00e3o N\u00c3O ser\u00e1 disponibilizada para os PCs existentes, que receber\u00e3o a vers\u00e3o 26H2), este aviso serve para confirmar que irei fazer um v\u00eddeo sobre o lan\u00e7amento especial da vers\u00e3o 26H1 no in\u00edcio do pr\u00f3ximo ano, abordando as novidades (incluindo funcionalidades n\u00e3o relacionadas com a IA, sim, existem algumas) para aqueles que adquirirem um dispositivo X2 Elite ou para aqueles que simplesmente tiverem curiosidade.<\/p>\n<\/blockquote>\n<p><a target=\"_blank\" href=\"https:\/\/pplware.sapo.pt\/wp-content\/uploads\/2025\/10\/windows_11_26h1.jpg\" onclick=\"refreshIframe()\" class=\"foobox\" rel=\"nofollow noopener\"><img loading=\"lazy\" decoding=\"async\" src=\"https:\/\/www.europesays.com\/pt\/wp-content\/uploads\/2025\/10\/windows_11_26h1-1024x571.jpg\" alt=\"\" width=\"720\" height=\"401\" class=\"aligncenter size-large wp-image-1085793\"  \/><\/a><\/p>\n<p>Infelizmente n\u00e3o dever\u00e1 ser para todos<\/p>\n<p>Phantomofearth acrescenta que a vers\u00e3o 26H1 dever\u00e1 servir como plataforma de suporte para os novos chips. A Microsoft ir\u00e1 utiliz\u00e1-la para implementar funcionalidades adicionais que n\u00e3o foram inclu\u00eddas nas vers\u00f5es 24H2\/25H2 do Windows 11 e ambas partilham a mesma ramifica\u00e7\u00e3o.<\/p>\n<blockquote>\n<p>Infelizmente, \u00e9 exatamente isso que est\u00e1 a acontecer. A vers\u00e3o 26H1 serve apenas para fornecer ao hardware Snapdragon X2 Elite uma plataforma Windows compat\u00edvel; trata-se apenas de uma solu\u00e7\u00e3o provis\u00f3ria e n\u00e3o de uma atualiza\u00e7\u00e3o completa. Como resultado, as altera\u00e7\u00f5es efetuadas entre a vers\u00e3o 24H2 e a atual, que n\u00e3o foram implementadas retrospetivamente, est\u00e3o a ser incorporadas na vers\u00e3o 26H1 e far\u00e3o a sua estreia p\u00fablica nessa vers\u00e3o, que ser\u00e1 exclusiva para o Windows X2. As pr\u00f3prias caracter\u00edsticas estar\u00e3o todas presentes na vers\u00e3o 26H2, com ou sem IA, para os PCs existentes, e n\u00e3o precisar\u00e1 de um Snapdragon nessa altura.<\/p>\n<\/blockquote>\n<p>Como a Microsoft n\u00e3o confirmou os seus planos para as atualiza\u00e7\u00f5es do Windows 11 em 2026, considere esta not\u00edcia com cautela. Enquanto aguardamos pelas atualiza\u00e7\u00f5es e lan\u00e7amentos do pr\u00f3ximo ano, a Microsoft est\u00e1 tamb\u00e9m a preparar um novo pacote de funcionalidades para as vers\u00f5es 24H2 e 25H2 do Windows 11. O novo menu Iniciar est\u00e1 prestes a chegar, para al\u00e9m de uma s\u00e9rie de outras funcionalidades que a Microsoft lan\u00e7ou no m\u00eas passado.<\/p>\n","protected":false},"excerpt":{"rendered":"As atualiza\u00e7\u00f5es do Windows s\u00e3o essenciais e a Microsoft trabalha para dar aos utilizadores as melhores e mais&hellip;\n","protected":false},"author":2,"featured_media":131563,"comment_status":"","ping_status":"","sticky":false,"template":"","format":"standard","meta":{"footnotes":""},"categories":[84],"tags":[1730,109,107,108,906,32,33,105,103,104,106,110,1732],"class_list":{"0":"post-131562","1":"post","2":"type-post","3":"status-publish","4":"format-standard","5":"has-post-thumbnail","7":"category-ciencia-e-tecnologia","8":"tag-atualizacao","9":"tag-ciencia","10":"tag-ciencia-e-tecnologia","11":"tag-cienciaetecnologia","12":"tag-microsoft","13":"tag-portugal","14":"tag-pt","15":"tag-science","16":"tag-science-and-technology","17":"tag-scienceandtechnology","18":"tag-technology","19":"tag-tecnologia","20":"tag-windows-11"},"share_on_mastodon":{"url":"https:\/\/pubeurope.com\/@pt\/115458827261961971","error":""},"_links":{"self":[{"href":"https:\/\/www.europesays.com\/pt\/wp-json\/wp\/v2\/posts\/131562","targetHints":{"allow":["GET"]}}],"collection":[{"href":"https:\/\/www.europesays.com\/pt\/wp-json\/wp\/v2\/posts"}],"about":[{"href":"https:\/\/www.europesays.com\/pt\/wp-json\/wp\/v2\/types\/post"}],"author":[{"embeddable":true,"href":"https:\/\/www.europesays.com\/pt\/wp-json\/wp\/v2\/users\/2"}],"replies":[{"embeddable":true,"href":"https:\/\/www.europesays.com\/pt\/wp-json\/wp\/v2\/comments?post=131562"}],"version-history":[{"count":0,"href":"https:\/\/www.europesays.com\/pt\/wp-json\/wp\/v2\/posts\/131562\/revisions"}],"wp:featuredmedia":[{"embeddable":true,"href":"https:\/\/www.europesays.com\/pt\/wp-json\/wp\/v2\/media\/131563"}],"wp:attachment":[{"href":"https:\/\/www.europesays.com\/pt\/wp-json\/wp\/v2\/media?parent=131562"}],"wp:term":[{"taxonomy":"category","embeddable":true,"href":"https:\/\/www.europesays.com\/pt\/wp-json\/wp\/v2\/categories?post=131562"},{"taxonomy":"post_tag","embeddable":true,"href":"https:\/\/www.europesays.com\/pt\/wp-json\/wp\/v2\/tags?post=131562"}],"curies":[{"name":"wp","href":"https:\/\/api.w.org\/{rel}","templated":true}]}}