{"id":131570,"date":"2025-10-29T18:21:13","date_gmt":"2025-10-29T18:21:13","guid":{"rendered":"https:\/\/www.europesays.com\/pt\/131570\/"},"modified":"2025-10-29T18:21:13","modified_gmt":"2025-10-29T18:21:13","slug":"desculpem-mas-eu-nao-aguento","status":"publish","type":"post","link":"https:\/\/www.europesays.com\/pt\/131570\/","title":{"rendered":"\u201cDesculpem mas eu n\u00e3o aguento\u201d"},"content":{"rendered":"<p><a href=\"https:\/\/infocul.pt\/zanga-entre-catarina-miranda-e-sergio-duarte-pode-ser-falsa-teoria-sobre-o-desafio-final-da-tvi-ganha-forca\/\" rel=\"nofollow noopener\" target=\"_blank\">Catarina Miranda<\/a> deixa filhas de S\u00e9rgio Duarte e assume novo \u201csobrinho\u201d: \u201cDesculpem mas eu n\u00e3o aguento\u201d, disse.<\/p>\n<p>Ex-concorrente do \u201cBig Brother\u201d afasta-se de S\u00e9rgio Duarte e aproxima-se da fam\u00edlia do namorado<\/p>\n<p>A vida pessoal de <strong><a href=\"https:\/\/www.instagram.com\/catarinamiranda.oficial\/\" rel=\"nofollow noopener\" target=\"_blank\">Catarina Miranda<\/a><\/strong>, segunda classificada do Big Brother Ver\u00e3o, continua a dar que falar. Depois de ter rompido a amizade com <strong>S\u00e9rgio Duarte<\/strong>, a ribatejana parece ter dado um novo rumo \u00e0s suas rela\u00e7\u00f5es pessoais \u2014 e familiares.<\/p>\n<p>Recorde-se que, durante a proximidade com o ex-concorrente, <strong>Catarina referia-se \u00e0s duas filhas de S\u00e9rgio como \u201csobrinhas\u201d<\/strong>, demonstrando um la\u00e7o afetivo com a fam\u00edlia do militar da GNR. No entanto, com o fim da amizade, <strong>essa liga\u00e7\u00e3o desapareceu completamente<\/strong>.<\/p>\n<p>\u201cDesculpem mas eu n\u00e3o aguento com o meu sobrinho\u201d<\/p>\n<p>Agora, o foco da comentadora est\u00e1 totalmente voltado para o <strong>namorado e a sua fam\u00edlia<\/strong>, com quem mant\u00e9m uma rela\u00e7\u00e3o cada vez mais pr\u00f3xima.<br \/>Recentemente, Catarina partilhou nas <strong>stories do Instagram<\/strong> um momento ternurento com <strong>Benjamim<\/strong>, filho de <strong>Diogo Leit\u00e3o<\/strong>, irm\u00e3o do seu companheiro, <strong>Afonso Leit\u00e3o<\/strong>.<\/p>\n<p>Na publica\u00e7\u00e3o, a ex-concorrente mostrou-se derretida com o beb\u00e9 e escreveu na legenda:<br \/><strong>\u201cDesculpem mas eu n\u00e3o aguento com o meu sobrinho.\u201d<\/strong><\/p>\n<p><a href=\"https:\/\/news.google.com\/publications\/CAAqBwgKMKfIoAswtNK4Aw\" target=\"_blank\" rel=\"noopener noreferrer nofollow\"><img loading=\"lazy\" data-lazyloaded=\"1\" width=\"481\" height=\"161\" decoding=\"async\" src=\"\/wp-content\/uploads\/2024\/02\/GN_siganos.png\" alt=\"Siga-nos no Google News\" style=\"margin-top:20px;\"\/><\/a><script async src=\"\/\/www.instagram.com\/embed.js\"><\/script><\/p>\n","protected":false},"excerpt":{"rendered":"Catarina Miranda deixa filhas de S\u00e9rgio Duarte e assume novo \u201csobrinho\u201d: \u201cDesculpem mas eu n\u00e3o aguento\u201d, disse. Ex-concorrente&hellip;\n","protected":false},"author":2,"featured_media":119894,"comment_status":"","ping_status":"","sticky":false,"template":"","format":"standard","meta":{"footnotes":""},"categories":[145],"tags":[342,211,210,114,115,32,33],"class_list":{"0":"post-131570","1":"post","2":"type-post","3":"status-publish","4":"format-standard","5":"has-post-thumbnail","7":"category-celebridades","8":"tag-catarina-miranda","9":"tag-celebridades","10":"tag-celebrities","11":"tag-entertainment","12":"tag-entretenimento","13":"tag-portugal","14":"tag-pt"},"share_on_mastodon":{"url":"https:\/\/pubeurope.com\/@pt\/115458846564239836","error":""},"_links":{"self":[{"href":"https:\/\/www.europesays.com\/pt\/wp-json\/wp\/v2\/posts\/131570","targetHints":{"allow":["GET"]}}],"collection":[{"href":"https:\/\/www.europesays.com\/pt\/wp-json\/wp\/v2\/posts"}],"about":[{"href":"https:\/\/www.europesays.com\/pt\/wp-json\/wp\/v2\/types\/post"}],"author":[{"embeddable":true,"href":"https:\/\/www.europesays.com\/pt\/wp-json\/wp\/v2\/users\/2"}],"replies":[{"embeddable":true,"href":"https:\/\/www.europesays.com\/pt\/wp-json\/wp\/v2\/comments?post=131570"}],"version-history":[{"count":0,"href":"https:\/\/www.europesays.com\/pt\/wp-json\/wp\/v2\/posts\/131570\/revisions"}],"wp:featuredmedia":[{"embeddable":true,"href":"https:\/\/www.europesays.com\/pt\/wp-json\/wp\/v2\/media\/119894"}],"wp:attachment":[{"href":"https:\/\/www.europesays.com\/pt\/wp-json\/wp\/v2\/media?parent=131570"}],"wp:term":[{"taxonomy":"category","embeddable":true,"href":"https:\/\/www.europesays.com\/pt\/wp-json\/wp\/v2\/categories?post=131570"},{"taxonomy":"post_tag","embeddable":true,"href":"https:\/\/www.europesays.com\/pt\/wp-json\/wp\/v2\/tags?post=131570"}],"curies":[{"name":"wp","href":"https:\/\/api.w.org\/{rel}","templated":true}]}}