{"id":13158,"date":"2025-08-02T16:47:07","date_gmt":"2025-08-02T16:47:07","guid":{"rendered":"https:\/\/www.europesays.com\/pt\/13158\/"},"modified":"2025-08-02T16:47:07","modified_gmt":"2025-08-02T16:47:07","slug":"oficial-sporting-supera-tubaroes-e-contrata-promessa-belga","status":"publish","type":"post","link":"https:\/\/www.europesays.com\/pt\/13158\/","title":{"rendered":"OFICIAL: Sporting supera \u00abtubar\u00f5es\u00bb e contrata promessa belga"},"content":{"rendered":"<p style=\"margin-bottom:11px\">O m\u00e9dio Za\u00efd Bafdili, de apenas 17 anos, deixa o Genk para refor\u00e7ar o Sporting. Numa fase inicial, o internacional sub-17 belga vai integrar as equipas de forma\u00e7\u00e3o do clube de Alvalade.<\/p>\n<p>Inspirado nos casos de sucesso de Cristiano Ronaldo, Rafael Le\u00e3o, Nuno Mendes e Nani, todos formados em Alcochete, Bafdili diz-se \u00abansioso por jogar\u00bb no Sporting, tendo como objetivo futuro \u00abintegrar a equipa principal\u00bb.<\/p>\n<p>Definindo-se como um m\u00e9dio \u00abpolivalente, muito agressivo e t\u00e9cnico tamb\u00e9m, que pode jogar como seis, oito, ou dez\u00bb, o jogador mostra-se \u00abpronto para o desafio\u00bb que ter\u00e1 pela frente, em Alvalade.<\/p>\n<blockquote class=\"twitter-tweet\">\n<p lang=\"pt\">\ud83d\udde3\ufe0f \u201cEstou orgulhoso de estar aqui. \u00c9 uma honra poder jogar num grande clube como o Sporting CP. Mal posso esperar para estar em campo.\u201d<\/p>\n<p>Za\u00efd Bafdili \ud83c\udde7\ud83c\uddea \u00e9 refor\u00e7o da <a href=\"https:\/\/twitter.com\/hashtag\/Forma%C3%A7%C3%A3oSCP?src=hash&amp;ref_src=twsrc%5Etfw\" rel=\"nofollow noopener\" target=\"_blank\">#Forma\u00e7\u00e3oSCP<\/a> \ud83e\udd81<br \/>\u26bd M\u00e9dio \u2139\ufe0f 17 anos \ud83d\udd19 KRC Genk<br \/>\ud83d\udc49 <a href=\"https:\/\/t.co\/r7I1zb3F9H\" rel=\"nofollow\">https:\/\/t.co\/r7I1zb3F9H<\/a> <a href=\"https:\/\/t.co\/f76Eutpaz4\" rel=\"nofollow\">pic.twitter.com\/f76Eutpaz4<\/a><\/p>\n<p> \u2014 Sporting CP (@SportingCP)<br \/>\n  <a href=\"https:\/\/twitter.com\/SportingCP\/status\/1951646064823480763?ref_src=twsrc%5Etfw\" rel=\"nofollow noopener\" target=\"_blank\">August 2, 2025<\/a>\n <\/p><\/blockquote>\n<p>Formado entre Anderlecht, Mechelen e Genk, onde passou os \u00faltimos tr\u00eas anos, Za\u00efd Bafdili \u00e9 tido como um dos talentos mais promissores do futebol belga.<\/p>\n<p>Em junho, ap\u00f3s ter terminado o contrato que o ligava ao Genk, foi associado a clubes como o Borussia Dortmund ou o Manchester United, de Ruben Amorim, mas o Sporting antecipou-se \u00e0 concorr\u00eancia para garantir o jovem m\u00e9dio.<\/p>\n<p>Na \u00faltima \u00e9poca, Bafdili cumpriu 14 jogos na equipa B do Genk, na II Divis\u00e3o belga.<\/p>\n<p><strong>Mercado de transfer\u00eancias:\u00a0<a href=\"https:\/\/maisfutebol.iol.pt\/cronologia\/6373897a0cf2254fb2824fe4\" target=\"_blank\" wbo-id=\"164\" rel=\"nofollow noopener\">conhe\u00e7a todas as novidades recentes<\/a><\/strong><\/p>\n<p>                                <script async src=\"https:\/\/platform.twitter.com\/widgets.js\" charset=\"utf-8\"><\/script><\/p>\n","protected":false},"excerpt":{"rendered":"O m\u00e9dio Za\u00efd Bafdili, de apenas 17 anos, deixa o Genk para refor\u00e7ar o Sporting. Numa fase inicial,&hellip;\n","protected":false},"author":2,"featured_media":13159,"comment_status":"","ping_status":"","sticky":false,"template":"","format":"standard","meta":{"footnotes":"","_share_on_mastodon":"0"},"categories":[8],"tags":[27,28,15,16,5425,14,25,26,21,22,1356,46,40,42,41,12,13,19,20,32,23,24,33,47,34,17,18,35,29,30,31,5424],"class_list":["post-13158","post","type-post","status-publish","format-standard","has-post-thumbnail","category-principais-noticias","tag-breaking-news","tag-breakingnews","tag-featured-news","tag-featurednews","tag-genk","tag-headlines","tag-latest-news","tag-latestnews","tag-main-news","tag-mainnews","tag-mais-futebol","tag-maisfutebol","tag-maistransferencias","tag-mercado","tag-mercado-de-transferencias","tag-news","tag-noticias","tag-noticias-principais","tag-noticiasprincipais","tag-portugal","tag-principais-noticias","tag-principaisnoticias","tag-pt","tag-pura-paixao","tag-sporting","tag-top-stories","tag-topstories","tag-transferencias","tag-ultimas","tag-ultimas-noticias","tag-ultimasnoticias","tag-zaid-bafdili"],"share_on_mastodon":{"url":"","error":""},"_links":{"self":[{"href":"https:\/\/www.europesays.com\/pt\/wp-json\/wp\/v2\/posts\/13158","targetHints":{"allow":["GET"]}}],"collection":[{"href":"https:\/\/www.europesays.com\/pt\/wp-json\/wp\/v2\/posts"}],"about":[{"href":"https:\/\/www.europesays.com\/pt\/wp-json\/wp\/v2\/types\/post"}],"author":[{"embeddable":true,"href":"https:\/\/www.europesays.com\/pt\/wp-json\/wp\/v2\/users\/2"}],"replies":[{"embeddable":true,"href":"https:\/\/www.europesays.com\/pt\/wp-json\/wp\/v2\/comments?post=13158"}],"version-history":[{"count":0,"href":"https:\/\/www.europesays.com\/pt\/wp-json\/wp\/v2\/posts\/13158\/revisions"}],"wp:featuredmedia":[{"embeddable":true,"href":"https:\/\/www.europesays.com\/pt\/wp-json\/wp\/v2\/media\/13159"}],"wp:attachment":[{"href":"https:\/\/www.europesays.com\/pt\/wp-json\/wp\/v2\/media?parent=13158"}],"wp:term":[{"taxonomy":"category","embeddable":true,"href":"https:\/\/www.europesays.com\/pt\/wp-json\/wp\/v2\/categories?post=13158"},{"taxonomy":"post_tag","embeddable":true,"href":"https:\/\/www.europesays.com\/pt\/wp-json\/wp\/v2\/tags?post=13158"}],"curies":[{"name":"wp","href":"https:\/\/api.w.org\/{rel}","templated":true}]}}