{"id":131581,"date":"2025-10-29T18:31:21","date_gmt":"2025-10-29T18:31:21","guid":{"rendered":"https:\/\/www.europesays.com\/pt\/131581\/"},"modified":"2025-10-29T18:31:21","modified_gmt":"2025-10-29T18:31:21","slug":"nem-custa-6-euros-e-e-a-novidade-mercadona-que-esta-a-ser-comparada-a-da-zara-home","status":"publish","type":"post","link":"https:\/\/www.europesays.com\/pt\/131581\/","title":{"rendered":"Nem custa 6 euros e \u00e9 a novidade Mercadona que est\u00e1 a ser comparada \u00e0 da Zara Home"},"content":{"rendered":"<p>Pode chover \u00e0 vontade daqui em diante, que basta termos o ambiente certo em casa e nada nos abalada. Em particular, velas. S\u00e3o essenciais para criar aquele ambiente de outono reconfortante, especialmente se tiverem um aroma doce, tal como as sobremesas e bolachas que acompanham a \u00e9poca.\u00a0<\/p>\n<p>Podes escolher uma qualquer vela ou ent\u00e3o a mais recente novidade da Mercadona e da Zara Home. Ambas t\u00eam novas velas com aromas quentes e doces, embora com pre\u00e7os diferentes.\u00a0<\/p>\n<p>No caso da vela da Mercadona, a nova vela Cr\u00e8me Br\u00fbl\u00e9e tem notas olfativas de caramelo, violeta e natas batidas, estando dispon\u00edvel num formato com 300 gramas, uma avantajada dimens\u00e3o que est\u00e1 a conquistar os f\u00e3s da Mercadona. A vela da marca Bosque Verde j\u00e1 chegou \u00e0s lojas de Portugal e est\u00e1 \u00e0 venda por \u20ac5,50.\u00a0<\/p>\n<p>J\u00e1 a Zara Home tem uma vela com aroma a caramelo salgado, precisamente uma das notas da vela da Mercadona. N\u00e3o \u00e9 assim uma surpresa que ambas estejam a ser comparadas, n\u00e3o s\u00f3 pelas notas olfativas, como pelas dimens\u00f5es, j\u00e1 que a vela de\u00a0caramelo banhado em notas de baunilha e manteiga de noz da Zara Home est\u00e1 dispon\u00edvel em v\u00e1rios tamanhos, de 180, 350 e 700 gramas.\u00a0<\/p>\n<p>O <a href=\"https:\/\/www.zarahome.com\/pt\/350-g-vela-aromatica-salted-caramel-l41448705?ct=true&amp;categoryId=1020572662&amp;pelement=451538122&amp;colorId=733\" target=\"_blank\" rel=\"nofollow noopener\">formato de 350 gramas<\/a> \u00e9 o que mais se aproxima da vela da Mercadona, no entanto, o valor \u00e9 bem diferente. No caso da Zara Home, a vela m\u00e9dia custa \u20ac22,99.\u00a0<\/p>\n<p>Mostramos ambas na galeria para que possas tomar as tuas decis\u00f5es.\u00a0<\/p>\n","protected":false},"excerpt":{"rendered":"Pode chover \u00e0 vontade daqui em diante, que basta termos o ambiente certo em casa e nada nos&hellip;\n","protected":false},"author":2,"featured_media":131582,"comment_status":"","ping_status":"","sticky":false,"template":"","format":"standard","meta":{"footnotes":""},"categories":[83],"tags":[1081,88,204,89,90,754,186,4317,1079,32,33,29863,1078,1080,17726],"class_list":{"0":"post-131581","1":"post","2":"type-post","3":"status-publish","4":"format-standard","5":"has-post-thumbnail","7":"category-empresas","8":"tag-beleza","9":"tag-business","10":"tag-design","11":"tag-economy","12":"tag-empresas","13":"tag-gastronomia","14":"tag-lifestyle","15":"tag-mercadona","16":"tag-moda","17":"tag-portugal","18":"tag-pt","19":"tag-vela","20":"tag-versa","21":"tag-viagens","22":"tag-zara-home"},"share_on_mastodon":{"url":"https:\/\/pubeurope.com\/@pt\/115458885864127207","error":""},"_links":{"self":[{"href":"https:\/\/www.europesays.com\/pt\/wp-json\/wp\/v2\/posts\/131581","targetHints":{"allow":["GET"]}}],"collection":[{"href":"https:\/\/www.europesays.com\/pt\/wp-json\/wp\/v2\/posts"}],"about":[{"href":"https:\/\/www.europesays.com\/pt\/wp-json\/wp\/v2\/types\/post"}],"author":[{"embeddable":true,"href":"https:\/\/www.europesays.com\/pt\/wp-json\/wp\/v2\/users\/2"}],"replies":[{"embeddable":true,"href":"https:\/\/www.europesays.com\/pt\/wp-json\/wp\/v2\/comments?post=131581"}],"version-history":[{"count":0,"href":"https:\/\/www.europesays.com\/pt\/wp-json\/wp\/v2\/posts\/131581\/revisions"}],"wp:featuredmedia":[{"embeddable":true,"href":"https:\/\/www.europesays.com\/pt\/wp-json\/wp\/v2\/media\/131582"}],"wp:attachment":[{"href":"https:\/\/www.europesays.com\/pt\/wp-json\/wp\/v2\/media?parent=131581"}],"wp:term":[{"taxonomy":"category","embeddable":true,"href":"https:\/\/www.europesays.com\/pt\/wp-json\/wp\/v2\/categories?post=131581"},{"taxonomy":"post_tag","embeddable":true,"href":"https:\/\/www.europesays.com\/pt\/wp-json\/wp\/v2\/tags?post=131581"}],"curies":[{"name":"wp","href":"https:\/\/api.w.org\/{rel}","templated":true}]}}