{"id":131593,"date":"2025-10-29T18:38:12","date_gmt":"2025-10-29T18:38:12","guid":{"rendered":"https:\/\/www.europesays.com\/pt\/131593\/"},"modified":"2025-10-29T18:38:12","modified_gmt":"2025-10-29T18:38:12","slug":"noiva-em-breve-cristina-ferreira-e-surpreendida-em-direto-e-o-momento-torna-se-viral-secret-story","status":"publish","type":"post","link":"https:\/\/www.europesays.com\/pt\/131593\/","title":{"rendered":"Noiva em breve? Cristina Ferreira \u00e9 surpreendida em direto e o momento torna-se viral &#8211; Secret Story"},"content":{"rendered":"<p data-end=\"487\" data-start=\"351\"><a href=\"https:\/\/tvi.iol.pt\/secretstory\/cristina-ferreira\/jantar\/cristina-ferreira-mostra-o-jantar-pre-especial-do-secret-story-e-ha-um-detalhe-que-surpreende\" rel=\"nofollow noopener\" target=\"_blank\"><strong>Cristina Ferreira<\/strong><\/a> voltou a protagonizar um momento divertido no programa Dois \u00e0s 10. T<strong>udo aconteceu depois de uma convidada ter feito uma brincadeira sobre um poss\u00edvel noivado da apresentadora \u2014 e Cl\u00e1udio Ramos n\u00e3o resistiu a lan\u00e7ar uma provoca\u00e7\u00e3o em direto.<\/strong><\/p>\n<p data-end=\"487\" data-start=\"351\">Esta quarta-feira, 29 de outubro, foi para o ar mais um \u201cDois \u00e0s 10\u201d. Uma das convidadas da emiss\u00e3o,\u00a0<strong data-end=\"541\" data-start=\"523\">Liliana Sobral<\/strong>, marcou presen\u00e7a para falar dos doces que vende no seu estabelecimento, na vila de <strong data-end=\"651\" data-start=\"629\">Cercal do Alentejo<\/strong>, entre eles os famosos Cercalitos Klandestinos, uma cria\u00e7\u00e3o pr\u00f3pria.<\/p>\n<p data-end=\"894\" data-start=\"726\">Liliana revelou que o bolo nasceu da vontade de criar um produto regional e, ao mesmo tempo, prestar <strong data-end=\"857\" data-start=\"827\">homenagem ao marido, D\u00e1rio<\/strong>, que faleceu em janeiro deste ano.<\/p>\n<p data-end=\"1181\" data-start=\"896\">Depois de uma conversa marcada pela emo\u00e7\u00e3o, a convidada surpreendeu Cristina Ferreira ao apresentar outro dos seus bolos: \u00abTrouxe este, este \u00e9 o bolo que eu mais vendo para anivers\u00e1rios e casamentos. Eu trouxe hoje para a Cristina provar, pode ser que fique noiva em breve\u00bb, brincou.<\/p>\n<p data-end=\"1267\" data-start=\"1183\">Entre risos, <strong data-end=\"1213\" data-start=\"1196\">Cl\u00e1udio Ramos<\/strong> apanhou a deixa e atirou: \u00abN\u00e3o, ela noiva j\u00e1 est\u00e1.\u00bb<\/p>\n<p data-end=\"1453\" data-start=\"1269\">Cristina Ferreira, divertida, mas firme, reagiu de imediato: <strong>\u00abN\u00e3o estou! Ningu\u00e9m me pediu em casamento, porque \u00e9 que est\u00e1s a dizer coisas?<\/strong>\u00bb<\/p>\n<p data-end=\"1576\" data-start=\"1455\">O momento arrancou gargalhadas no est\u00fadio e rapidamente se tornou um dos epis\u00f3dios mais comentados da manh\u00e3 televisiva.<\/p>\n","protected":false},"excerpt":{"rendered":"Cristina Ferreira voltou a protagonizar um momento divertido no programa Dois \u00e0s 10. Tudo aconteceu depois de uma&hellip;\n","protected":false},"author":2,"featured_media":131594,"comment_status":"","ping_status":"","sticky":false,"template":"","format":"standard","meta":{"footnotes":""},"categories":[142],"tags":[18706,166,114,115,18705,32,33,151,18704],"class_list":{"0":"post-131593","1":"post","2":"type-post","3":"status-publish","4":"format-standard","5":"has-post-thumbnail","7":"category-tv","8":"tag-bastidores-secret-story","9":"tag-cristina-ferreira","10":"tag-entertainment","11":"tag-entretenimento","12":"tag-entrevistas-concorrentes-tvi","13":"tag-portugal","14":"tag-pt","15":"tag-tv","16":"tag-vida-fora-da-casa"},"share_on_mastodon":{"url":"https:\/\/pubeurope.com\/@pt\/115458913492441910","error":""},"_links":{"self":[{"href":"https:\/\/www.europesays.com\/pt\/wp-json\/wp\/v2\/posts\/131593","targetHints":{"allow":["GET"]}}],"collection":[{"href":"https:\/\/www.europesays.com\/pt\/wp-json\/wp\/v2\/posts"}],"about":[{"href":"https:\/\/www.europesays.com\/pt\/wp-json\/wp\/v2\/types\/post"}],"author":[{"embeddable":true,"href":"https:\/\/www.europesays.com\/pt\/wp-json\/wp\/v2\/users\/2"}],"replies":[{"embeddable":true,"href":"https:\/\/www.europesays.com\/pt\/wp-json\/wp\/v2\/comments?post=131593"}],"version-history":[{"count":0,"href":"https:\/\/www.europesays.com\/pt\/wp-json\/wp\/v2\/posts\/131593\/revisions"}],"wp:featuredmedia":[{"embeddable":true,"href":"https:\/\/www.europesays.com\/pt\/wp-json\/wp\/v2\/media\/131594"}],"wp:attachment":[{"href":"https:\/\/www.europesays.com\/pt\/wp-json\/wp\/v2\/media?parent=131593"}],"wp:term":[{"taxonomy":"category","embeddable":true,"href":"https:\/\/www.europesays.com\/pt\/wp-json\/wp\/v2\/categories?post=131593"},{"taxonomy":"post_tag","embeddable":true,"href":"https:\/\/www.europesays.com\/pt\/wp-json\/wp\/v2\/tags?post=131593"}],"curies":[{"name":"wp","href":"https:\/\/api.w.org\/{rel}","templated":true}]}}