{"id":131605,"date":"2025-10-29T18:46:11","date_gmt":"2025-10-29T18:46:11","guid":{"rendered":"https:\/\/www.europesays.com\/pt\/131605\/"},"modified":"2025-10-29T18:46:11","modified_gmt":"2025-10-29T18:46:11","slug":"trump-esta-a-construir-um-sistema-novo-para-substituir-a-democracia-representativa-e-fez-uma-experiencia-no-seu-quintal","status":"publish","type":"post","link":"https:\/\/www.europesays.com\/pt\/131605\/","title":{"rendered":"Trump &#8220;est\u00e1 a construir um sistema novo&#8221; para substituir a democracia representativa e fez uma experi\u00eancia &#8220;no seu quintal&#8221;"},"content":{"rendered":"<p>\t                AN\u00c1LISE || O partido do presidente argentino Javier Milei venceu as elei\u00e7\u00f5es legislativas intercalares com larga maioria. Esse resultado envolveu &#8220;uma chantagem&#8221; de Trump &#8211; e por isso: &#8220;Num primeiro mandato Trump foi um produto do sistema, no segundo mandato est\u00e1 a construir um sistema&#8221;<\/p>\n<p>Antes de a Argentina ter ido \u00e0s urnas, o presidente dos EUA mostrou-se dispon\u00edvel para auxiliar o pa\u00eds com um empr\u00e9stimo de 17,2 mil milh\u00f5es de euros. Mas com uma condi\u00e7\u00e3o:\u00a0\u201cDonald Trump disse claramente que o resgate dos pesos argentinos que ele tinha feito s\u00f3 surtiria efeito se o partido de Milei vencesse. Em termos reais, n\u00e3o \u00e9 a primeira vez que Donald Trump tenta interferir na pol\u00edtica interna de outros Estados\u201d, diz o polit\u00f3logo Jos\u00e9 Filipe Pinto.<\/p>\n<p>Perante a possibilidade de uma derrota de Milei face \u00e0 oposi\u00e7\u00e3o peronista (centro-esquerda) &#8211; que juntamente com os aliados garantiu 29,4% dos votos -, Trump assegurou que a ajuda financeira podia ser retirada num cen\u00e1rio em que o partido do presidente argentino n\u00e3o fosse o vencedor do ato eleitoral. Para Jos\u00e9 Filipe Pinto, \u00e9 mais uma prova de que Donald Trump \u201cacabou por condicionar muito as elei\u00e7\u00f5es argentinas\u201d.<\/p>\n<p>Para Raquel Patr\u00edcio, especialista em assuntos da Am\u00e9rica Latina e professora no Instituto Superior de Ci\u00eancias Sociais e Pol\u00edticas (ISCSP) da Universidade de Lisboa, o empr\u00e9stimo do l\u00edder americano n\u00e3o passa de uma \u201cm\u00e1scara\u201d que serve para esconder um apoio que na realidade \u00e9 \u201cestritamente pol\u00edtico\u201d. \u201cO apoio que Donald Trump d\u00e1 a n\u00edvel financeiro a Javier Milei n\u00e3o tem que ver com a economia, \u00e9 uma forma de mascarar um apoio pol\u00edtico porque Milei comp\u00f5e &#8211; com Trump e Bukele, presidente de El Salvador &#8211; um eixo de direita muito forte que Trump pretende que tenha grande influ\u00eancia na Am\u00e9rica Latina.\u201d<\/p>\n<p>Para Jos\u00e9 Filipe Pinto, este apoio representa apenas parte do plano de Donald Trump. \u201c\u00c9 evidente que Donald Trump j\u00e1 est\u00e1 a recuperar aquela ideia &#8211; que foi a ideia de Steve Bannon &#8211; de tentar formar uma internacional populista conotada com a direita radical.\u201d<\/p>\n<p>O polit\u00f3logo considera que estamos perante um \u201cembri\u00e3o\u201d que pode evoluir para uma internacional populista cultural-identit\u00e1ria: \u201cN\u00f3s percebemos que h\u00e1 um crescimento do populismo cultural-identit\u00e1rio um pouco por toda a Europa e est\u00e1 a haver uma liga\u00e7\u00e3o aos principais partidos europeus, mas tamb\u00e9m sul-americanos, que t\u00eam uma posi\u00e7\u00e3o pol\u00edtica muito pr\u00f3xima daquela que \u00e9 defendida por Donald Trump.\u201d<\/p>\n<p>Raquel Patr\u00edcio vai mais longe: diz que a administra\u00e7\u00e3o norte-americana trata o continente sul-americano como um \u201cquintal dos Estados Unidos\u201d. \u201cEnquanto Trump estiver na presid\u00eancia vai comportar-se com a Am\u00e9rica Latina de acordo com a doutrina de Monroe, que a v\u00ea como o seu quintal, e, por isso, aquilo \u00e9 um espa\u00e7o reservado \u00e0 esfera de influ\u00eancia norte-americana.\u201d<\/p>\n<p><img loading=\"lazy\" decoding=\"async\" alt=\"\" height=\"400\" src=\"https:\/\/www.europesays.com\/pt\/wp-content\/uploads\/2025\/10\/1761763571_29_600.webp\" width=\"600\"\/><\/p>\n<p>Jos\u00e9 Filipe Pinto acredita que \u201caquilo a que estamos a assistir \u00e9 a uma tentativa de Trump impor um novo modelo, um novo sistema\u201d, atrav\u00e9s de medidas que visam \u201co lucro e a imposi\u00e7\u00e3o de uma ideologia nova, que vai al\u00e9m do liberalismo e que se aproxima um pouco do libertarismo\u201d, sublinha. \u201cNum primeiro mandato Trump foi um produto do sistema, no segundo mandato est\u00e1 a construir um sistema.\u201d Um que, aos olhos do polit\u00f3logo, vem substituir a democracia representativa pela democracia \u201ca caminhar para a iliberal\u201d.<\/p>\n<p>Raquel Patr\u00edcio n\u00e3o tem d\u00favidas de que o apoio financeiro prestado pelos Estados Unidos pode ter influenciado o processo eleitoral, j\u00e1 que \u201creceber verbas num pa\u00eds em que a economia ainda est\u00e1 debilitada pode ser ben\u00e9fico e essa pode ser uma chantagem a que a pr\u00f3pria popula\u00e7\u00e3o est\u00e1 disposta a ceder\u201d.<\/p>\n<p>Depois de conhecidos os resultados, Javier Milei falou em \u201cdia hist\u00f3rico\u201d para o pa\u00eds. \u201cA partir de 10 de dezembro teremos, sem d\u00favida, o Congresso mais reformista da hist\u00f3ria da Argentina\u201d &#8211; e agradeceu \u201ca todos os que apoiam as ideias da liberdade para tornar a Argentina grande\u201d, que \u00e9 uma express\u00e3o herdeira do Make America Great Again.<\/p>\n<p>Javier Milei saiu com uma posi\u00e7\u00e3o refor\u00e7ada das \u00faltimas elei\u00e7\u00f5es legislativas intercalares: o seu partido, La Libertad Avanza (LLA), venceu. Mas os resultados \u201cn\u00e3o podem ser dissociados daquilo que foi a posi\u00e7\u00e3o p\u00fablica de Donald Trump\u201d, conclui Jos\u00e9 Filipe Pinto.<\/p>\n","protected":false},"excerpt":{"rendered":"AN\u00c1LISE || O partido do presidente argentino Javier Milei venceu as elei\u00e7\u00f5es legislativas intercalares com larga maioria. Esse&hellip;\n","protected":false},"author":2,"featured_media":131606,"comment_status":"","ping_status":"","sticky":false,"template":"","format":"standard","meta":{"footnotes":""},"categories":[50],"tags":[609,836,611,2424,27,28,607,608,333,832,604,135,610,92,476,2258,15,16,301,830,14,12232,603,25,26,570,21,22,831,833,62,834,12,13,19,20,835,602,52,32,23,24,17,18,29,30,31,63,64,65],"class_list":{"0":"post-131605","1":"post","2":"type-post","3":"status-publish","4":"format-standard","5":"has-post-thumbnail","7":"category-mundo","8":"tag-alerta","9":"tag-analise","10":"tag-ao-minuto","11":"tag-argentina","12":"tag-breaking-news","13":"tag-breakingnews","14":"tag-cnn","15":"tag-cnn-portugal","16":"tag-comentadores","17":"tag-costa","18":"tag-crime","19":"tag-desporto","20":"tag-direto","21":"tag-donald-trump","22":"tag-economia","23":"tag-eleicoes","24":"tag-featured-news","25":"tag-featurednews","26":"tag-governo","27":"tag-guerra","28":"tag-headlines","29":"tag-javier-milei","30":"tag-justica","31":"tag-latest-news","32":"tag-latestnews","33":"tag-live","34":"tag-main-news","35":"tag-mainnews","36":"tag-mais-vistas","37":"tag-marcelo","38":"tag-mundo","39":"tag-negocios","40":"tag-news","41":"tag-noticias","42":"tag-noticias-principais","43":"tag-noticiasprincipais","44":"tag-opiniao","45":"tag-pais","46":"tag-politica","47":"tag-portugal","48":"tag-principais-noticias","49":"tag-principaisnoticias","50":"tag-top-stories","51":"tag-topstories","52":"tag-ultimas","53":"tag-ultimas-noticias","54":"tag-ultimasnoticias","55":"tag-world","56":"tag-world-news","57":"tag-worldnews"},"share_on_mastodon":{"url":"","error":"Validation failed: Text character limit of 500 exceeded"},"_links":{"self":[{"href":"https:\/\/www.europesays.com\/pt\/wp-json\/wp\/v2\/posts\/131605","targetHints":{"allow":["GET"]}}],"collection":[{"href":"https:\/\/www.europesays.com\/pt\/wp-json\/wp\/v2\/posts"}],"about":[{"href":"https:\/\/www.europesays.com\/pt\/wp-json\/wp\/v2\/types\/post"}],"author":[{"embeddable":true,"href":"https:\/\/www.europesays.com\/pt\/wp-json\/wp\/v2\/users\/2"}],"replies":[{"embeddable":true,"href":"https:\/\/www.europesays.com\/pt\/wp-json\/wp\/v2\/comments?post=131605"}],"version-history":[{"count":0,"href":"https:\/\/www.europesays.com\/pt\/wp-json\/wp\/v2\/posts\/131605\/revisions"}],"wp:featuredmedia":[{"embeddable":true,"href":"https:\/\/www.europesays.com\/pt\/wp-json\/wp\/v2\/media\/131606"}],"wp:attachment":[{"href":"https:\/\/www.europesays.com\/pt\/wp-json\/wp\/v2\/media?parent=131605"}],"wp:term":[{"taxonomy":"category","embeddable":true,"href":"https:\/\/www.europesays.com\/pt\/wp-json\/wp\/v2\/categories?post=131605"},{"taxonomy":"post_tag","embeddable":true,"href":"https:\/\/www.europesays.com\/pt\/wp-json\/wp\/v2\/tags?post=131605"}],"curies":[{"name":"wp","href":"https:\/\/api.w.org\/{rel}","templated":true}]}}