{"id":131607,"date":"2025-10-29T18:48:23","date_gmt":"2025-10-29T18:48:23","guid":{"rendered":"https:\/\/www.europesays.com\/pt\/131607\/"},"modified":"2025-10-29T18:48:23","modified_gmt":"2025-10-29T18:48:23","slug":"vem-ai-mais-chuva-forte-nove-distritos-de-portugal-continental-sob-aviso-laranja-na-sexta-feira","status":"publish","type":"post","link":"https:\/\/www.europesays.com\/pt\/131607\/","title":{"rendered":"Vem a\u00ed mais chuva forte: nove distritos de Portugal continental sob aviso laranja na sexta-feira"},"content":{"rendered":"<p>\t                O aviso laranja abrange regi\u00f5es mais a norte do pa\u00eds <\/p>\n<p>Nove distritos de Portugal continental v\u00e3o estar na sexta-feira sob aviso laranja (o segundo mais grave) devido \u00e0 previs\u00e3o de chuva forte e persistente, determinou esta sexta-feira o Instituto Portugu\u00eas do Mar e da Atmosfera (IPMA).<\/p>\n<p>Bragan\u00e7a, Viseu, Porto, Guarda, Vila Real, Viana do Castelo, Aveiro, Coimbra e Braga s\u00e3o os distritos sob aviso laranja durante o dia de sexta-feira, porque se prev\u00ea \u201cprecipita\u00e7\u00e3o persistente e por vezes forte\u201d, segundo o IPMA, que anteriormente tinha informado que estes territ\u00f3rios estariam sob aviso amarelo (o menos grave de uma escala de tr\u00eas).<\/p>\n<p>Segundo informa\u00e7\u00e3o do IPMA, outros tr\u00eas distritos v\u00e3o estar na sexta-feira sob aviso amarelo, designadamente Santar\u00e9m, Leiria e Castelo Branco.<\/p>\n<p>De acordo com anterior comunicado do instituto respons\u00e1vel pela emiss\u00e3o de avisos meteorol\u00f3gicos, o distrito de Faro esteve esta quarta-feira, entre as 07:43 e as 10:00, sob aviso vermelho (o mais grave) devido \u00e0 chuva intensa, sendo que esse aviso passou a laranja, at\u00e9 \u00e0s 15:00.<\/p>\n<p>Al\u00e9m disso, Faro est\u00e1, at\u00e9 \u00e0s 15:00, sob aviso amarelo devido \u00e0 previs\u00e3o de trovoadas frequentes e dispersas, assim como \u201cvento do quadrante sul, com rajadas da ordem de 70\/80 km\/h [quil\u00f3metros por hora], em especial no litoral e nas serras\u201d.<\/p>\n<p>Entre os 18 distritos de Portugal continental, tamb\u00e9m \u00c9vora, Set\u00fabal e Beja est\u00e3o, at\u00e9 \u00e0s 15:00, sob aviso laranja por causa da \u201cprecipita\u00e7\u00e3o persistente e forte, por vezes acompanhada de trovoada e rajadas fortes\u201d, indicou o IPMA.<\/p>\n<p>Durante a manh\u00e3 desta quarta-feira, at\u00e9 \u00e0s 12:00, estiveram sob aviso amarelo devido \u00e0 chuva os distritos de Santar\u00e9m e Lisboa, situa\u00e7\u00e3o que se regista, at\u00e9 \u00e0s 15:00, em Castelo Branco e Portalegre, de acordo com o instituto.<\/p>\n<p>Os avisos do IPMA \u2013 vermelho, laranja e amarelo \u2013 s\u00e3o emitidos quando existe uma situa\u00e7\u00e3o meteorol\u00f3gica de risco, que pode ser avaliada como de risco elevado, moderado ou reduzido.<\/p>\n<p>A Prote\u00e7\u00e3o Civil registou, at\u00e9 \u00e0s 12:00, 1.147 ocorr\u00eancias em todo o pa\u00eds devido ao mau tempo, sobretudo inunda\u00e7\u00f5es, concentradas na Grande Lisboa, Pen\u00ednsula de Set\u00fabal e Algarve, disse \u00e0 ag\u00eancia Lusa o comandante El\u00edsio Pereira.<\/p>\n<p>Em declara\u00e7\u00f5es \u00e0 Lusa, pelas 12:30, o respons\u00e1vel da Autoridade Nacional de Emerg\u00eancia e Prote\u00e7\u00e3o Civil (ANEPC) referiu que foram registadas 700 ocorr\u00eancias relacionadas com inunda\u00e7\u00f5es, sendo que 658 ocorreram no distrito de Lisboa.<\/p>\n<p>Na ter\u00e7a-feira, a ANEPC alertou para a possibilidade de inunda\u00e7\u00f5es em zonas urbanas e cheias nos pr\u00f3ximos dias devido \u00e0s previs\u00f5es de chuva e vento forte, pedindo \u00e0 popula\u00e7\u00e3o que adote medidas preventivas.<\/p>\n","protected":false},"excerpt":{"rendered":"O aviso laranja abrange regi\u00f5es mais a norte do pa\u00eds Nove distritos de Portugal continental v\u00e3o estar na&hellip;\n","protected":false},"author":2,"featured_media":131608,"comment_status":"","ping_status":"","sticky":false,"template":"","format":"standard","meta":{"footnotes":""},"categories":[8],"tags":[609,836,611,4114,7070,27,28,21878,607,608,333,832,604,135,610,29864,476,15,16,301,830,14,350,603,25,26,570,21,22,831,833,606,62,834,12,13,19,20,835,602,52,32,23,24,33,605,17,18,29,30,31],"class_list":{"0":"post-131607","1":"post","2":"type-post","3":"status-publish","4":"format-standard","5":"has-post-thumbnail","7":"category-principais-noticias","8":"tag-alerta","9":"tag-analise","10":"tag-ao-minuto","11":"tag-aviso-amarelo","12":"tag-aviso-laranja","13":"tag-breaking-news","14":"tag-breakingnews","15":"tag-chuva-forte","16":"tag-cnn","17":"tag-cnn-portugal","18":"tag-comentadores","19":"tag-costa","20":"tag-crime","21":"tag-desporto","22":"tag-direto","23":"tag-distritos","24":"tag-economia","25":"tag-featured-news","26":"tag-featurednews","27":"tag-governo","28":"tag-guerra","29":"tag-headlines","30":"tag-ipma","31":"tag-justica","32":"tag-latest-news","33":"tag-latestnews","34":"tag-live","35":"tag-main-news","36":"tag-mainnews","37":"tag-mais-vistas","38":"tag-marcelo","39":"tag-meteorologia","40":"tag-mundo","41":"tag-negocios","42":"tag-news","43":"tag-noticias","44":"tag-noticias-principais","45":"tag-noticiasprincipais","46":"tag-opiniao","47":"tag-pais","48":"tag-politica","49":"tag-portugal","50":"tag-principais-noticias","51":"tag-principaisnoticias","52":"tag-pt","53":"tag-tempo","54":"tag-top-stories","55":"tag-topstories","56":"tag-ultimas","57":"tag-ultimas-noticias","58":"tag-ultimasnoticias"},"share_on_mastodon":{"url":"","error":"Validation failed: Text character limit of 500 exceeded"},"_links":{"self":[{"href":"https:\/\/www.europesays.com\/pt\/wp-json\/wp\/v2\/posts\/131607","targetHints":{"allow":["GET"]}}],"collection":[{"href":"https:\/\/www.europesays.com\/pt\/wp-json\/wp\/v2\/posts"}],"about":[{"href":"https:\/\/www.europesays.com\/pt\/wp-json\/wp\/v2\/types\/post"}],"author":[{"embeddable":true,"href":"https:\/\/www.europesays.com\/pt\/wp-json\/wp\/v2\/users\/2"}],"replies":[{"embeddable":true,"href":"https:\/\/www.europesays.com\/pt\/wp-json\/wp\/v2\/comments?post=131607"}],"version-history":[{"count":0,"href":"https:\/\/www.europesays.com\/pt\/wp-json\/wp\/v2\/posts\/131607\/revisions"}],"wp:featuredmedia":[{"embeddable":true,"href":"https:\/\/www.europesays.com\/pt\/wp-json\/wp\/v2\/media\/131608"}],"wp:attachment":[{"href":"https:\/\/www.europesays.com\/pt\/wp-json\/wp\/v2\/media?parent=131607"}],"wp:term":[{"taxonomy":"category","embeddable":true,"href":"https:\/\/www.europesays.com\/pt\/wp-json\/wp\/v2\/categories?post=131607"},{"taxonomy":"post_tag","embeddable":true,"href":"https:\/\/www.europesays.com\/pt\/wp-json\/wp\/v2\/tags?post=131607"}],"curies":[{"name":"wp","href":"https:\/\/api.w.org\/{rel}","templated":true}]}}