{"id":131611,"date":"2025-10-29T18:50:06","date_gmt":"2025-10-29T18:50:06","guid":{"rendered":"https:\/\/www.europesays.com\/pt\/131611\/"},"modified":"2025-10-29T18:50:06","modified_gmt":"2025-10-29T18:50:06","slug":"arquiteto-baiano-joao-gabriel-e-destaque-nacional-em-lista-da-forbes-life-design","status":"publish","type":"post","link":"https:\/\/www.europesays.com\/pt\/131611\/","title":{"rendered":"Arquiteto baiano Jo\u00e3o Gabriel \u00e9 destaque nacional em lista da Forbes Life Design"},"content":{"rendered":"<p>O arquiteto baiano <strong>Jo\u00e3o Gabriel<\/strong> foi apontado como um dos destaques da arquitetura nacional fora do Sudeste pela revista <strong>Forbes Life Design<\/strong>, uma das principais publica\u00e7\u00f5es de arquitetura e design do pa\u00eds. A conquista vem logo ap\u00f3s o profissional ser reconhecido pela mesma revista como um dos nomes que <a href=\"https:\/\/aloalobahia.com\/noticias\/2024\/05\/14\/baiano-cria-estudio-especializado-em-arquitetura-afetiva-e-protagonismo-negro-conheca\/\" rel=\"nofollow noopener\" target=\"_blank\">movimentam a cena arquitet\u00f4nica brasileira<\/a>.<\/p>\n<p>A reportagem, assinada por <strong>Ana Paula de Assis<\/strong>, re\u00fane <strong>profissionais de diferentes regi\u00f5es do Brasil que t\u00eam contribu\u00eddo para reposicionar a produ\u00e7\u00e3o arquitet\u00f4nica fora do eixo Rio\u2013S\u00e3o Paulo<\/strong>. Na publica\u00e7\u00e3o, Jo\u00e3o Gabriel \u00e9 reconhecido por consolidar uma atua\u00e7\u00e3o de destaque a partir do interior da Bahia para o Brasil e o mundo, <strong>somando mais de 130 projetos realizados dentro e fora do pa\u00eds<\/strong>.<\/p>\n<p>\u201cAos 28 anos perceber que o meu pr\u00f3prio trabalho tem poder transformador, mesmo estando no interior da Bahia, \u00e9 muito importante, porque eu <strong>consigo mostrar pras outros arquitetos que v\u00eam depois de mim, que existe forma de transformar a arquitetura, mesmo n\u00e3o estando nos grandes centros<\/strong>\u201c, disse Jo\u00e3o em entrevista exclusiva ao <strong>Al\u00f4 Al\u00f4 Bahia<\/strong>.<\/p>\n<p><img fetchpriority=\"high\" decoding=\"async\" aria-describedby=\"caption-attachment-213240\" class=\"size-medium wp-image-213240\" src=\"https:\/\/www.europesays.com\/pt\/wp-content\/uploads\/2025\/10\/arquitetojoaogabriel_-576x720.jpg\" alt=\"\" width=\"576\" height=\"720\"  \/><\/p>\n<p id=\"caption-attachment-213240\" class=\"wp-caption-text\">Arquiteto Jo\u00e3o Gabriel foi destaque na revista Forbes Life Design Foto: Divulga\u00e7\u00e3o<\/p>\n<p>\u00c0 frente do escrit\u00f3rio <strong>JG+ Arquitetos<\/strong>, com <strong>sede em Vit\u00f3ria da Conquista<\/strong>, Jo\u00e3o tem se tornado refer\u00eancia pela forma como combina t\u00e9cnica, narrativa e prop\u00f3sito, criando projetos que unem est\u00e9tica brasileira, inova\u00e7\u00e3o e representatividade.<\/p>\n<p>Neste ano, Jo\u00e3o, que tamb\u00e9m j\u00e1 <strong>foi citado pela Casa Vogue<\/strong> como dos 50 arquitetos mais influentes do pa\u00eds, esteve presente na <strong>CASACOR Bahia 2025<\/strong>, onde <a href=\"https:\/\/aloalobahia.com\/noticias\/2025\/07\/10\/casacor-bahia-2025-joao-gabriel-resgata-historia-da-arquitetura-negra-com-espaco-retrofuturista\/\" rel=\"nofollow noopener\" target=\"_blank\">apresentou o ambiente \u201cAteli\u00ea de Tebas\u201d<\/a>. Inspirado na hist\u00f3ria do primeiro arquiteto negro do Brasil, o espa\u00e7o <strong>trouxe uma proposta retr\u00f4-futurista<\/strong> montada no antigo Convento Nossa Senhora das Merc\u00eas, em Salvador.<\/p>\n<p>\u201c\u00c9 muito importante pra mim ser um rosto dentro dessa narrativa, ser uma voz importante, mas eu acho que o que eu fa\u00e7o, o que eu falo e o que eu projeto, \u00e9 pra conseguir construir um caminho e pavimentar uma estrada pra que outras pessoas como eu consigam chegar aqui. <strong>N\u00e3o adianta voc\u00ea ser CASA Vogue 50, fazer CASACOR, conseguir atingir 17 estados com o meu trabalho, fazer palestra pelo pa\u00eds e, no final do dia, outras pessoas n\u00e3o conseguirem atingir esse espa\u00e7o<\/strong>\u201c, disse ele.<\/p>\n","protected":false},"excerpt":{"rendered":"O arquiteto baiano Jo\u00e3o Gabriel foi apontado como um dos destaques da arquitetura nacional fora do Sudeste pela&hellip;\n","protected":false},"author":2,"featured_media":131612,"comment_status":"","ping_status":"","sticky":false,"template":"","format":"standard","meta":{"footnotes":""},"categories":[144],"tags":[207,205,206,203,201,202,204,114,115,32,33],"class_list":{"0":"post-131611","1":"post","2":"type-post","3":"status-publish","4":"format-standard","5":"has-post-thumbnail","7":"category-arte-e-design","8":"tag-arte","9":"tag-arte-e-design","10":"tag-artedesign","11":"tag-arts","12":"tag-arts-and-design","13":"tag-artsanddesign","14":"tag-design","15":"tag-entertainment","16":"tag-entretenimento","17":"tag-portugal","18":"tag-pt"},"share_on_mastodon":{"url":"https:\/\/pubeurope.com\/@pt\/115458960456313054","error":""},"_links":{"self":[{"href":"https:\/\/www.europesays.com\/pt\/wp-json\/wp\/v2\/posts\/131611","targetHints":{"allow":["GET"]}}],"collection":[{"href":"https:\/\/www.europesays.com\/pt\/wp-json\/wp\/v2\/posts"}],"about":[{"href":"https:\/\/www.europesays.com\/pt\/wp-json\/wp\/v2\/types\/post"}],"author":[{"embeddable":true,"href":"https:\/\/www.europesays.com\/pt\/wp-json\/wp\/v2\/users\/2"}],"replies":[{"embeddable":true,"href":"https:\/\/www.europesays.com\/pt\/wp-json\/wp\/v2\/comments?post=131611"}],"version-history":[{"count":0,"href":"https:\/\/www.europesays.com\/pt\/wp-json\/wp\/v2\/posts\/131611\/revisions"}],"wp:featuredmedia":[{"embeddable":true,"href":"https:\/\/www.europesays.com\/pt\/wp-json\/wp\/v2\/media\/131612"}],"wp:attachment":[{"href":"https:\/\/www.europesays.com\/pt\/wp-json\/wp\/v2\/media?parent=131611"}],"wp:term":[{"taxonomy":"category","embeddable":true,"href":"https:\/\/www.europesays.com\/pt\/wp-json\/wp\/v2\/categories?post=131611"},{"taxonomy":"post_tag","embeddable":true,"href":"https:\/\/www.europesays.com\/pt\/wp-json\/wp\/v2\/tags?post=131611"}],"curies":[{"name":"wp","href":"https:\/\/api.w.org\/{rel}","templated":true}]}}