{"id":131613,"date":"2025-10-29T18:52:14","date_gmt":"2025-10-29T18:52:14","guid":{"rendered":"https:\/\/www.europesays.com\/pt\/131613\/"},"modified":"2025-10-29T18:52:14","modified_gmt":"2025-10-29T18:52:14","slug":"eta-mundo-melhor-memoria-de-estela-volta-de-forma-inesperada","status":"publish","type":"post","link":"https:\/\/www.europesays.com\/pt\/131613\/","title":{"rendered":"\u00cata Mundo Melhor!: Mem\u00f3ria de Estela volta de forma inesperada"},"content":{"rendered":"<p>O plano de Estela (<strong>Larissa Manoela<\/strong>) de se reaproximar de pessoas de seu conv\u00edvio para recuperar a mem\u00f3ria d\u00e1 certo. Em \u00cata Mundo Melhor!, a enfermeira recebe a visita dos \u00f3rf\u00e3os da Casa dos Anjos, o que a deixa muito feliz. O contato com as crian\u00e7as, Anabela (<strong>Isabelly Carvalho<\/strong>), e Celso (Rainer Cadete) \u00e9 a chave para que ela, finalmente, se lembre de tudo que viveu.<\/p>\n<p>A aproxima\u00e7\u00e3o gradual das pessoas queridas come\u00e7a a dar resultado. Primeiro, a jovem passa por momentos de carinho com Celso e Anabela. Todo esse afeto familiar age como um motor para que a mem\u00f3ria da enfermeira seja restaurada.<\/p>\n<p>Enquanto dorme, Estela tem um sono muito agitado. Sua mente \u00e9 invadida por v\u00e1rios flashes que mostram momentos importantes de sua vida: a rela\u00e7\u00e3o com a irm\u00e3, a conviv\u00eancia com a av\u00f3 e o carinho com o namorado. A mente trabalha para juntar as pe\u00e7as do quebra-cabe\u00e7a.<\/p>\n<p>De repente, a jovem desperta do sonho e solta a grande not\u00edcia. Estela finalmente recupera sua mem\u00f3ria: \u201cEstou lembrando! Estou lembrando de tudo!\u201d, diz a jovem.<\/p>\n<p><strong>Cap\u00edtulo 103 \u2013 segunda-feira (27\/10):<\/strong> Anabela afirma que n\u00e3o \u00e9 filha de Estela. Estela gosta de encontrar Dita. Candinho entende sinal de Policarpo para que deixe a delegacia com Asdr\u00fabal. Ernesto engana Paix\u00e3o, que fala com o afilhado sobre seu testamento. Dita sugere que Estela procure a certid\u00e3o de nascimento de Anabela. Sandra se disfar\u00e7a para ir atr\u00e1s de Ernesto. Simb\u00e1 se sente culpado ao conversar com Candinho. Paix\u00e3o passa mal antes de assinar o testamento. Estela confirma que \u00e9 irm\u00e3 de Anabela, e questiona Dita sobre Celso. Candinho teme perder Policarpo. Zulma pede dinheiro a Celso. Sandra foge do dancing para n\u00e3o ser descoberta. Ernesto encontra Estela no hospital. Zulma reconhece Sandra.<\/p>\n<p><strong>Cap\u00edtulo 104 \u2013 ter\u00e7a-feira (28\/10):<\/strong> Sandra pede ajuda a Zulma, que lhe d\u00e1 abrigo. Estela diz a Ernesto que perdeu a mem\u00f3ria. Olga percebe o nervosismo de Ernesto diante de Estela. Anabela comemora a decis\u00e3o de Estela permanecer em sua casa. Sabi\u00e1 questiona Simb\u00e1 sobre o ataque de Policarpo. Candinho defende Simb\u00e1, que se sente culpado com a possibilidade de separar os dois amigos. Zulma faz Sandra de ref\u00e9m a fim de chantagear Celso. Estela pede que Celso lhe conte sobre o namoro dos dois. Cunegundes exige que Carneiro interne Medeia. Sandra pede que Fel\u00edcia a liberte do por\u00e3o em que Zulma a colocou. Policarpo d\u00e1 sinais a Candinho de que Simb\u00e1 est\u00e1 mentindo. Ara\u00fajo diz a Candinho que as not\u00edcias sobre o caso de Policarpo n\u00e3o s\u00e3o boas.<\/p>\n<p><strong>Cap\u00edtulo 105 \u2013 quarta-feira (29\/10):<\/strong> Ara\u00fajo afirma que Policarpo ser\u00e1 transferido para outra cidade, e Candinho se desespera. Celso se nega a aceitar a chantagem de Zulma para libertar Sandra. Zulma obriga Sandra a escrever uma carta para Celso. Ernesto for\u00e7a Paix\u00e3o a assinar o testamento, e o padrinho passa mal. Ol\u00edmpia denuncia as vendas de Maria Divina e Dita na rua para o delegado. S\u00f4nia encontra Lauro, e Tobias se incomoda. Estela janta com Celso e Anabela, que comemora a volta da irm\u00e3. Francine chega no s\u00edtio e questiona Z\u00e9 dos Porcos sobre seus aposentos. Asdr\u00fabal ajuda Sabi\u00e1 a escrever uma carta de amor para Zenaide. Estela recupera sua mem\u00f3ria. Maria Divina decide voltar para o s\u00edtio. Dita afirma a Candinho que deseja voltar a cantar. Celso anuncia a Candinho que Policarpo ser\u00e1 sacrificado.<\/p>\n<p><strong>Cap\u00edtulo 106 \u2013 quinta-feira (30\/10):<\/strong> Candinho desmaia, e Asdr\u00fabal afirma que o amigo entrou em nega\u00e7\u00e3o da realidade de Policarpo. Picol\u00e9 pede que Simb\u00e1 pense na situa\u00e7\u00e3o de Candinho. Paix\u00e3o n\u00e3o resiste, e Lauro se assusta com a rea\u00e7\u00e3o de Ernesto \u00e0 morte do padrinho. Todos comemoram a recupera\u00e7\u00e3o da mem\u00f3ria de Estela. Ao ler a carta de Sandra, Celso cede \u00e0 chantagem de Zulma. Cunegundes pede ajuda a Carmem para descobrir onde est\u00e3o as esmeraldas. Dita tem uma ideia para ajudar a libertar Policarpo. Fel\u00edcia tira Sandra do por\u00e3o. Candinho e seus amigos cantam na r\u00e1dio pela salva\u00e7\u00e3o de Policarpo.<\/p>\n<p><strong>Cap\u00edtulo 107 \u2013 sexta-feira (31\/10):<\/strong> Ara\u00fajo questiona o Juiz diante da manifesta\u00e7\u00e3o p\u00fablica em apoio a Policarpo. Ernesto humilha Mirtes. Zulma se assusta ao ver Sandra livre, e acolhe Fel\u00edcia. Ara\u00fajo anuncia que Policarpo n\u00e3o ser\u00e1 libertado. Sandra garante que acabar\u00e1 com Zulma, e vai embora levando o dinheiro que Zulma tirou de Celso. Samir, Picol\u00e9 e as crian\u00e7as insistem para que Simb\u00e1 diga a verdade e salve Policarpo. Cunegundes descobre que Francine est\u00e1 no s\u00edtio. Jocasta chega \u00e0 casa de Cunegundes. Ernesto pede dinheiro a Tamires. Sandra sugere que Ernesto falsifique a assinatura de Paix\u00e3o no testamento. Estela afirma a Celso que seu afogamento n\u00e3o foi um acidente. Candinho insiste em libertar Policarpo.<\/p>\n<p><strong>Cap\u00edtulo 108 \u2013 s\u00e1bado (1\/11):<\/strong> Candinho e a popula\u00e7\u00e3o pressionam o delegado pela soltura de Policarpo. Simb\u00e1 assume diante do delegado que mentiu sobre Policarpo. Lauro confirma para Estela que Anabela poder\u00e1 perder sua audi\u00e7\u00e3o. Ernesto pede demiss\u00e3o para Hayd\u00e9e. Candinho perdoa Simb\u00e1. Estela lembra de T\u00falio. L\u00facio convida Margarida\/Adamo para um jantar com o elenco da radionovela. Ernesto alerta Zulma sobre a vingan\u00e7a de Sandra. Jocasta prop\u00f5e comprar Quinzinho de Cunegundes. S\u00f4nia ajuda Margarida a estar presente no jantar da r\u00e1dio. Olga discute com Hayd\u00e9e por conta de Ara\u00fajo. Ol\u00edmpia acredita que Adamo est\u00e1 com Margarida. Maria Divina questiona Z\u00e9 dos Porcos sobre Francine. Sandra diz a Celso que pensa em ter outra identidade. Dita aceita se casar com Candinho.<\/p>\n<p><strong>Leia tamb\u00e9m:<\/strong> <a href=\"https:\/\/caras.com.br\/tv\/no-elenco-mirim-de-eta-mundo-melhor-vicente-alvite-revela-o-que-aprendeu-com-o-personagem-amizades-verdadeiras.phtml\" target=\"_blank\" rel=\"noopener nofollow\">No elenco mirim de \u00cata Mundo Melhor!, Vicente Alvite revela o que aprendeu com o personagem: \u2018Amizades verdadeiras\u2019<\/a><\/p>\n<p>        <a href=\"https:\/\/caras.com.br\/autor\/daniela-santos\" rel=\"nofollow noopener\" target=\"_blank\">&#13;<br \/>\n          <img loading=\"lazy\" decoding=\"async\" alt=\"Daniela Santos\" src=\"https:\/\/www.europesays.com\/pt\/wp-content\/uploads\/2025\/09\/1758949148_187_daniela-santos_sqmd.jpg\" class=\"avatar avatar-115 photo rounded-circle\" height=\"115\" width=\"115\"\/>        <\/a><\/p>\n<p><b>Daniela Santos<\/b> \u00e9 rep\u00f3rter do site CARAS. Formada em jornalismo pela FIAM FAAM, atua na \u00e1rea de celebridades e TV desde 2018<\/p>\n","protected":false},"excerpt":{"rendered":"O plano de Estela (Larissa Manoela) de se reaproximar de pessoas de seu conv\u00edvio para recuperar a mem\u00f3ria&hellip;\n","protected":false},"author":2,"featured_media":131614,"comment_status":"","ping_status":"","sticky":false,"template":"","format":"standard","meta":{"footnotes":""},"categories":[142],"tags":[114,115,17289,3378,9750,2790,2931,32,33,151],"class_list":{"0":"post-131613","1":"post","2":"type-post","3":"status-publish","4":"format-standard","5":"has-post-thumbnail","7":"category-tv","8":"tag-entertainment","9":"tag-entretenimento","10":"tag-estela","11":"tag-eta-mundo-melhor","12":"tag-larissa-manoela","13":"tag-memoria","14":"tag-novela","15":"tag-portugal","16":"tag-pt","17":"tag-tv"},"share_on_mastodon":{"url":"https:\/\/pubeurope.com\/@pt\/115458968670014003","error":""},"_links":{"self":[{"href":"https:\/\/www.europesays.com\/pt\/wp-json\/wp\/v2\/posts\/131613","targetHints":{"allow":["GET"]}}],"collection":[{"href":"https:\/\/www.europesays.com\/pt\/wp-json\/wp\/v2\/posts"}],"about":[{"href":"https:\/\/www.europesays.com\/pt\/wp-json\/wp\/v2\/types\/post"}],"author":[{"embeddable":true,"href":"https:\/\/www.europesays.com\/pt\/wp-json\/wp\/v2\/users\/2"}],"replies":[{"embeddable":true,"href":"https:\/\/www.europesays.com\/pt\/wp-json\/wp\/v2\/comments?post=131613"}],"version-history":[{"count":0,"href":"https:\/\/www.europesays.com\/pt\/wp-json\/wp\/v2\/posts\/131613\/revisions"}],"wp:featuredmedia":[{"embeddable":true,"href":"https:\/\/www.europesays.com\/pt\/wp-json\/wp\/v2\/media\/131614"}],"wp:attachment":[{"href":"https:\/\/www.europesays.com\/pt\/wp-json\/wp\/v2\/media?parent=131613"}],"wp:term":[{"taxonomy":"category","embeddable":true,"href":"https:\/\/www.europesays.com\/pt\/wp-json\/wp\/v2\/categories?post=131613"},{"taxonomy":"post_tag","embeddable":true,"href":"https:\/\/www.europesays.com\/pt\/wp-json\/wp\/v2\/tags?post=131613"}],"curies":[{"name":"wp","href":"https:\/\/api.w.org\/{rel}","templated":true}]}}