{"id":131624,"date":"2025-10-29T18:59:45","date_gmt":"2025-10-29T18:59:45","guid":{"rendered":"https:\/\/www.europesays.com\/pt\/131624\/"},"modified":"2025-10-29T18:59:45","modified_gmt":"2025-10-29T18:59:45","slug":"na-estefania-o-classico-do-bolo-rei-fechou-portas","status":"publish","type":"post","link":"https:\/\/www.europesays.com\/pt\/131624\/","title":{"rendered":"na Estef\u00e2nia, o cl\u00e1ssico do bolo-rei fechou portas"},"content":{"rendered":"<p>Era\u00a0uma pastelaria tradicional de fabrico pr\u00f3prio, com uma grande variedade de bolos, das miniaturas aos de anivers\u00e1rio, e com refei\u00e7\u00f5es di\u00e1rias a pre\u00e7os acess\u00edveis,\u00a0cobi\u00e7adas pelos trabalhadores e moradores da zona da Estef\u00e2nia. Famoso e causa de filas pela altura do Natal era o bolo-rei, de &#8220;fabrico especial&#8221;, como ainda consta no toldo azul da pastelaria do Largo da Estef\u00e2nia, que fechou portas este m\u00eas de Outubro. <strong>&#8220;Informamos que vamos fechar para realiza\u00e7\u00e3o de obras&#8221;<\/strong>, pode ler-se na folha A4 afixada na porta j\u00e1 depois de um outro papel ter anunciado que a pastelaria reabriria ap\u00f3s uma pausa para descanso do pessoal: primeiro a 13 de Outubro, depois a 19 e, por fim, a 25.<\/p>\n<p>A Confeitaria Vit\u00f3ria n\u00e3o reabriu e, na zona, circulam <strong>rumores de que no local vai abrir um restaurante de fast-food<\/strong>, de uma conhecida marca de Miami, a Burger King. Embora numa plataforma de ofertas de emprego a mesma marca tenha divulgado um an\u00fancio\u00a0de procura de profissionais para integrar um\u00a0futuro Burger King da Estef\u00e2nia, a marca, contactada pela Time Out,\u00a0preferiu n\u00e3o confirmar\u00a0a localiza\u00e7\u00e3o exacta da nova loja, que tem expandido a sua presen\u00e7a em Lisboa.\u00a0<\/p>\n<p><img decoding=\"async\" id=\"1fc11daf-d1ca-c081-6d69-bdab79aea9d8\" class=\"photo lazy inline\" loading=\"lazy\" data-component=\"lazy-embed\" src=\"https:\/\/www.europesays.com\/pt\/wp-content\/uploads\/2025\/10\/1761764385_213_image.webp.webp\" alt=\"Confeitaria Vit\u00f3ria\" data-caption=\"Confeitaria Vit\u00f3ria\" data-credit=\"Rita Chantre\" data-width-class=\"\" data-image-id=\"106335498\"\/>&#13;<br \/>\nRita ChantreConfeitaria Vit\u00f3ria&#13;<\/p>\n<p>&#8220;\u00c9 uma pena, mas parece que os donos\u00a0j\u00e1 n\u00e3o queriam continuar&#8230; Era um ponto de encontro para n\u00f3s e uma pastelaria com os melhores bolos da zona, sem d\u00favida alguma. Para al\u00e9m das di\u00e1rias&#8230; As pessoas vinham c\u00e1 muito para almo\u00e7ar&#8221;,\u00a0declara \u00e0 Time Out Alice Pereira, moradora do bairro. Do menu faziam parte frequentemente cl\u00e1ssicos como o cozido \u00e0 portuguesa, o bacalhau frito ou as far\u00f3fias.\u00a0<\/p>\n<p><img decoding=\"async\" id=\"32f77d91-f52a-606a-ce9c-934a8e5e94d9\" class=\"photo lazy inline\" loading=\"lazy\" data-component=\"lazy-embed\" src=\"https:\/\/www.europesays.com\/pt\/wp-content\/uploads\/2025\/10\/1761764385_621_image.webp.webp\" alt=\"Confeitaria Vit\u00f3ria\" data-caption=\"Confeitaria Vit\u00f3ria\" data-credit=\"DR\" data-width-class=\"\" data-image-id=\"106335500\"\/>&#13;<br \/>\nDRConfeitaria Vit\u00f3ria&#13;<\/p>\n<p>Tamb\u00e9m nas <a href=\"https:\/\/www.facebook.com\/photo.php?fbid=10239632623264654&amp;id=1563482821&amp;set=gm.4342476419316887\" target=\"_blank\" rel=\"noopener nofollow\">redes sociais<\/a> s\u00e3o v\u00e1rias as pessoas a lamentar a situa\u00e7\u00e3o. <strong>&#8220;Mais um bel\u00edssimo restaurante e pastelaria que se perde&#8221;<\/strong>, &#8220;Estamos a deixar &#8216;morrer&#8217; a nossa cidade&#8221;, dizem uns. &#8220;Era o ponto de encontro nos anos 60\/70 de grandes jogadores na \u00e9poca do Belenenses&#8221;, recordam outros.\u00a0<\/p>\n<p><strong>\ud83d\udcf2 Siga-nos nas redes sociais: <\/strong><a href=\"https:\/\/whatsapp.com\/channel\/0029VaImNsW6LwHeF5LgS52C\" rel=\"nofollow noopener\" target=\"_blank\"><strong>Whatsapp<\/strong><\/a><strong>, <\/strong><a href=\"https:\/\/www.instagram.com\/timeoutlisboa\/\" rel=\"nofollow noopener\" target=\"_blank\"><strong>Instagram<\/strong><\/a><strong>, <\/strong><a href=\"https:\/\/www.facebook.com\/TimeOutLisboa\" rel=\"nofollow noopener\" target=\"_blank\"><strong>Facebook<\/strong><\/a><strong> e <\/strong><a href=\"https:\/\/www.linkedin.com\/company\/time-out-portugal\/\" rel=\"nofollow noopener\" target=\"_blank\"><strong>LinkedIn<\/strong><\/a><\/p>\n<p><script async src=\"\/\/www.instagram.com\/embed.js\"><\/script><\/p>\n","protected":false},"excerpt":{"rendered":"Era\u00a0uma pastelaria tradicional de fabrico pr\u00f3prio, com uma grande variedade de bolos, das miniaturas aos de anivers\u00e1rio, e&hellip;\n","protected":false},"author":2,"featured_media":131625,"comment_status":"","ping_status":"","sticky":false,"template":"","format":"standard","meta":{"footnotes":""},"categories":[83],"tags":[88,1840,1839,89,90,1841,32,33],"class_list":{"0":"post-131624","1":"post","2":"type-post","3":"status-publish","4":"format-standard","5":"has-post-thumbnail","7":"category-empresas","8":"tag-business","9":"tag-categorias-coisas-para-fazer","10":"tag-coisas-para-fazer","11":"tag-economy","12":"tag-empresas","13":"tag-noticias-vida-urbana","14":"tag-portugal","15":"tag-pt"},"share_on_mastodon":{"url":"https:\/\/pubeurope.com\/@pt\/115458996425634583","error":""},"_links":{"self":[{"href":"https:\/\/www.europesays.com\/pt\/wp-json\/wp\/v2\/posts\/131624","targetHints":{"allow":["GET"]}}],"collection":[{"href":"https:\/\/www.europesays.com\/pt\/wp-json\/wp\/v2\/posts"}],"about":[{"href":"https:\/\/www.europesays.com\/pt\/wp-json\/wp\/v2\/types\/post"}],"author":[{"embeddable":true,"href":"https:\/\/www.europesays.com\/pt\/wp-json\/wp\/v2\/users\/2"}],"replies":[{"embeddable":true,"href":"https:\/\/www.europesays.com\/pt\/wp-json\/wp\/v2\/comments?post=131624"}],"version-history":[{"count":0,"href":"https:\/\/www.europesays.com\/pt\/wp-json\/wp\/v2\/posts\/131624\/revisions"}],"wp:featuredmedia":[{"embeddable":true,"href":"https:\/\/www.europesays.com\/pt\/wp-json\/wp\/v2\/media\/131625"}],"wp:attachment":[{"href":"https:\/\/www.europesays.com\/pt\/wp-json\/wp\/v2\/media?parent=131624"}],"wp:term":[{"taxonomy":"category","embeddable":true,"href":"https:\/\/www.europesays.com\/pt\/wp-json\/wp\/v2\/categories?post=131624"},{"taxonomy":"post_tag","embeddable":true,"href":"https:\/\/www.europesays.com\/pt\/wp-json\/wp\/v2\/tags?post=131624"}],"curies":[{"name":"wp","href":"https:\/\/api.w.org\/{rel}","templated":true}]}}